{"id":8227,"date":"2018-02-16T17:36:09","date_gmt":"2018-02-16T19:36:09","guid":{"rendered":"https:\/\/blogs.correiobraziliense.com.br\/servidor\/?p=8227"},"modified":"2018-02-16T17:36:09","modified_gmt":"2018-02-16T19:36:09","slug":"metalurgicos-do-abc-fazem-greve-na-proxima-segunda-19-contra-reforma-da-previdencia","status":"publish","type":"post","link":"https:\/\/blogs.correiobraziliense.com.br\/servidor\/metalurgicos-do-abc-fazem-greve-na-proxima-segunda-19-contra-reforma-da-previdencia\/","title":{"rendered":"Metal\u00fargicos do ABC fazem greve na pr\u00f3xima segunda (19) contra Reforma da Previd\u00eancia"},"content":{"rendered":"<p><em>Os metal\u00fargicos do ABC ficar\u00e3o parados na pr\u00f3xima segunda (19) em ades\u00e3o ao Dia Nacional de Luta contra a Reforma da Previd\u00eancia, convocado pela CUT e demais centrais sindicais.\u00a0 A mobiliza\u00e7\u00e3o foi aprovada pela categoria em assembleiano \u00faltimo dia (7) em frente \u00e0 sede do Sindicato. A inten\u00e7\u00e3o \u00e9 atingir toda a base sindical, composta por 70 mil trabalhadores.<br \/>\n<\/em><\/p>\n<p>Segundo o presidente da entidade, Wagner Santana, a orienta\u00e7\u00e3o do Sindicato \u00e9 para os trabalhadores n\u00e3o irem \u00e0s f\u00e1bricas na pr\u00f3xima segunda-feira. \u201cVamos mostrar a resist\u00eancia da classe trabalhadora e impedir a aprova\u00e7\u00e3o dessa reforma que acaba com o direito de aposentadoria dos brasileiros\u201d, afirmou o dirigente sindical. \u201cTemos de dar o recado de que essa proposta n\u00e3o interessa aos trabalhadores e n\u00e3o pode ser feita por um governo sem nenhuma legitimidade. N\u00e3o vamos permitir esse desmonte\u201d, acrescentou.<\/p>\n<p>O Sindicato dos Metal\u00fargicos do ABC vem fazendo atividades de resist\u00eancia \u00e0 reforma proposta pelo governo e de esclarecimento aos trabalhadores desde ao ano passado. Foram feitas passeatas, mobiliza\u00e7\u00f5es nas f\u00e1bricas, debates sobre o tema com especialistas, panfletagens, entre outras mobiliza\u00e7\u00f5es.<\/p>\n","protected":false},"excerpt":{"rendered":"<p>Os metal\u00fargicos do ABC ficar\u00e3o parados na pr\u00f3xima segunda (19) em ades\u00e3o ao Dia Nacional de Luta contra a Reforma da Previd\u00eancia, convocado pela CUT e demais centrais sindicais.\u00a0 A mobiliza\u00e7\u00e3o foi aprovada pela categoria em assembleiano \u00faltimo dia (7) em frente \u00e0 sede do Sindicato. A inten\u00e7\u00e3o \u00e9 atingir toda a base sindical, composta por 70 mil trabalhadores. Segundo [&hellip;]<\/p>\n","protected":false},"author":27,"featured_media":0,"comment_status":"open","ping_status":"closed","sticky":false,"template":"","format":"standard","meta":{"footnotes":""},"categories":[2719],"tags":[7813,6,1259,999,1375,4404,15,128,9727,8645,1260,19],"class_list":["post-8227","post","type-post","status-publish","format-standard","hentry","category-servidor","tag-abc","tag-aposentadoria","tag-centrais","tag-cut","tag-dia-nacional-de-luta","tag-fabricas","tag-greve","tag-metalurgicos","tag-reforma-da-previdencia","tag-reistencia","tag-sindicais","tag-trabalhadores"],"_links":{"self":[{"href":"https:\/\/blogs.correiobraziliense.com.br\/servidor\/wp-json\/wp\/v2\/posts\/8227","targetHints":{"allow":["GET"]}}],"collection":[{"href":"https:\/\/blogs.correiobraziliense.com.br\/servidor\/wp-json\/wp\/v2\/posts"}],"about":[{"href":"https:\/\/blogs.correiobraziliense.com.br\/servidor\/wp-json\/wp\/v2\/types\/post"}],"author":[{"embeddable":true,"href":"https:\/\/blogs.correiobraziliense.com.br\/servidor\/wp-json\/wp\/v2\/users\/27"}],"replies":[{"embeddable":true,"href":"https:\/\/blogs.correiobraziliense.com.br\/servidor\/wp-json\/wp\/v2\/comments?post=8227"}],"version-history":[{"count":1,"href":"https:\/\/blogs.correiobraziliense.com.br\/servidor\/wp-json\/wp\/v2\/posts\/8227\/revisions"}],"predecessor-version":[{"id":8228,"href":"https:\/\/blogs.correiobraziliense.com.br\/servidor\/wp-json\/wp\/v2\/posts\/8227\/revisions\/8228"}],"wp:attachment":[{"href":"https:\/\/blogs.correiobraziliense.com.br\/servidor\/wp-json\/wp\/v2\/media?parent=8227"}],"wp:term":[{"taxonomy":"category","embeddable":true,"href":"https:\/\/blogs.correiobraziliense.com.br\/servidor\/wp-json\/wp\/v2\/categories?post=8227"},{"taxonomy":"post_tag","embeddable":true,"href":"https:\/\/blogs.correiobraziliense.com.br\/servidor\/wp-json\/wp\/v2\/tags?post=8227"}],"curies":[{"name":"wp","href":"https:\/\/api.w.org\/{rel}","templated":true}]}}