{"id":8225,"date":"2018-02-16T16:44:20","date_gmt":"2018-02-16T18:44:20","guid":{"rendered":"https:\/\/blogs.correiobraziliense.com.br\/servidor\/?p=8225"},"modified":"2018-02-16T16:44:20","modified_gmt":"2018-02-16T18:44:20","slug":"nota-do-lider-do-dem-no-senado-sobre-o-decreto-de-intervencao-no-rio","status":"publish","type":"post","link":"https:\/\/blogs.correiobraziliense.com.br\/servidor\/nota-do-lider-do-dem-no-senado-sobre-o-decreto-de-intervencao-no-rio\/","title":{"rendered":"Nota do l\u00edder do DEM no Senado sobre o decreto de interven\u00e7\u00e3o no Rio"},"content":{"rendered":"<div><i>&#8220;Concordo com essa a\u00e7\u00e3o, tanto \u00e9 que j\u00e1 solicitei h\u00e1 algum tempo a presen\u00e7a das For\u00e7a Armadas e a For\u00e7a Nacional na regi\u00e3o do Entorno de Bras\u00edlia onde a situa\u00e7\u00e3o se assemelha ao Rio<span id=\"OBJ_PREFIX_DWT931_com_zimbra_date\" class=\"Object\"> de Janeiro<\/span>. \u00c9 preciso agora uma a\u00e7\u00e3o para que os criminosos sejam presos e n\u00e3o se refugiem em outros estados.&#8221;<\/i><\/div>\n<div><i>\u00a0<\/i><\/div>\n<div><b>Ronaldo Caiado (GO) &#8211; L\u00edder do Democratas no Senado Federal<\/b><\/div>\n","protected":false},"excerpt":{"rendered":"<p>&#8220;Concordo com essa a\u00e7\u00e3o, tanto \u00e9 que j\u00e1 solicitei h\u00e1 algum tempo a presen\u00e7a das For\u00e7a Armadas e a For\u00e7a Nacional na regi\u00e3o do Entorno de Bras\u00edlia onde a situa\u00e7\u00e3o se assemelha ao Rio de Janeiro. \u00c9 preciso agora uma a\u00e7\u00e3o para que os criminosos sejam presos e n\u00e3o se refugiem em outros estados.&#8221; \u00a0 Ronaldo Caiado (GO) &#8211; L\u00edder [&hellip;]<\/p>\n","protected":false},"author":27,"featured_media":0,"comment_status":"open","ping_status":"closed","sticky":false,"template":"","format":"standard","meta":{"footnotes":""},"categories":[2719],"tags":[6355,1172,8239,943,5298,1014,37,1834,696],"class_list":["post-8225","post","type-post","status-publish","format-standard","hentry","category-servidor","tag-criminosos","tag-decreto","tag-dem","tag-estados","tag-intervencao","tag-lider","tag-nota","tag-rio","tag-senado"],"_links":{"self":[{"href":"https:\/\/blogs.correiobraziliense.com.br\/servidor\/wp-json\/wp\/v2\/posts\/8225","targetHints":{"allow":["GET"]}}],"collection":[{"href":"https:\/\/blogs.correiobraziliense.com.br\/servidor\/wp-json\/wp\/v2\/posts"}],"about":[{"href":"https:\/\/blogs.correiobraziliense.com.br\/servidor\/wp-json\/wp\/v2\/types\/post"}],"author":[{"embeddable":true,"href":"https:\/\/blogs.correiobraziliense.com.br\/servidor\/wp-json\/wp\/v2\/users\/27"}],"replies":[{"embeddable":true,"href":"https:\/\/blogs.correiobraziliense.com.br\/servidor\/wp-json\/wp\/v2\/comments?post=8225"}],"version-history":[{"count":1,"href":"https:\/\/blogs.correiobraziliense.com.br\/servidor\/wp-json\/wp\/v2\/posts\/8225\/revisions"}],"predecessor-version":[{"id":8226,"href":"https:\/\/blogs.correiobraziliense.com.br\/servidor\/wp-json\/wp\/v2\/posts\/8225\/revisions\/8226"}],"wp:attachment":[{"href":"https:\/\/blogs.correiobraziliense.com.br\/servidor\/wp-json\/wp\/v2\/media?parent=8225"}],"wp:term":[{"taxonomy":"category","embeddable":true,"href":"https:\/\/blogs.correiobraziliense.com.br\/servidor\/wp-json\/wp\/v2\/categories?post=8225"},{"taxonomy":"post_tag","embeddable":true,"href":"https:\/\/blogs.correiobraziliense.com.br\/servidor\/wp-json\/wp\/v2\/tags?post=8225"}],"curies":[{"name":"wp","href":"https:\/\/api.w.org\/{rel}","templated":true}]}}