{"id":822,"date":"2016-01-26T11:58:37","date_gmt":"2016-01-26T13:58:37","guid":{"rendered":"https:\/\/blogs.correiobraziliense.com.br\/servidor\/?p=822"},"modified":"2016-01-26T11:58:37","modified_gmt":"2016-01-26T13:58:37","slug":"fim-da-greve-na-gm","status":"publish","type":"post","link":"https:\/\/blogs.correiobraziliense.com.br\/servidor\/fim-da-greve-na-gm\/","title":{"rendered":"FIM DA GREVE NA GM"},"content":{"rendered":"<p><em>Metal\u00fargicos da GM aprovam PLR de R$ 5.600 e encerram greve <\/em><\/p>\n<p>Os trabalhadores da General Motors aprovaram hoje (26), em assembleia, a proposta de acordo para a segunda parcela da PLR (Participa\u00e7\u00e3o nos Lucros e Resultados) 2015 e encerraram a greve iniciada dia 18.<u><\/u><u><\/u><\/p>\n<p>Os metal\u00fargicos aprovaram o pagamento de R$ 5.600, mais antecipa\u00e7\u00e3o de 50% do 13\u00ba sal\u00e1rio e 60 dias de garantia de emprego ou sal\u00e1rio. A montadora ainda pagar\u00e1 metade dos dias parados.<\/p>\n<p>Os metal\u00fargicos da GM entraram em greve no dia 18 de janeiro ap\u00f3s rejeitarem a proposta de R$ 4.250 de PLR apresentada pela montadora. Com a paralisa\u00e7\u00e3o, a GM aumentou o valor para R$ 5.000, que tamb\u00e9m foi rejeitado pelos trabalhadores. O impasse levou a discuss\u00e3o da PLR ao TRT.<u><\/u><u><\/u><\/p>\n<p>&#8220;Foi uma greve forte. Os trabalhadores come\u00e7aram o ano dando um recado claro para a GM. Eles n\u00e3o v\u00e3o ceder a press\u00f5es e v\u00e3o lutar por direitos e emprego&#8221; , disse o presidente do Sindicato dos Metal\u00fargicos de S\u00e3o Jos\u00e9 dos Campos, Ant\u00f4nio Ferreira de Barros, o Macap\u00e1<\/p>\n<p>A proposta aprovada nesta ter\u00e7a-feira foi definida ontem (25) em audi\u00eancia de concilia\u00e7\u00e3o que aconteceu no Tribunal Regional do Trabalho \u2013 15\u00aa. Regi\u00e3o, em Campinas, entre Sindicato e GM, conduzida pelo desembargador Lorival Ferreira dos Santos, presidente do TRT.<\/p>\n","protected":false},"excerpt":{"rendered":"<p>Metal\u00fargicos da GM aprovam PLR de R$ 5.600 e encerram greve Os trabalhadores da General Motors aprovaram hoje (26), em assembleia, a proposta de acordo para a segunda parcela da PLR (Participa\u00e7\u00e3o nos Lucros e Resultados) 2015 e encerraram a greve iniciada dia 18. Os metal\u00fargicos aprovaram o pagamento de R$ 5.600, mais antecipa\u00e7\u00e3o de 50% do 13\u00ba sal\u00e1rio e [&hellip;]<\/p>\n","protected":false},"author":27,"featured_media":0,"comment_status":"open","ping_status":"closed","sticky":false,"template":"","format":"standard","meta":{"footnotes":""},"categories":[1],"tags":[112,105,471,15,128],"class_list":["post-822","post","type-post","status-publish","format-standard","hentry","category-sem-categoria","tag-acordo","tag-fim","tag-gm","tag-greve","tag-metalurgicos"],"_links":{"self":[{"href":"https:\/\/blogs.correiobraziliense.com.br\/servidor\/wp-json\/wp\/v2\/posts\/822","targetHints":{"allow":["GET"]}}],"collection":[{"href":"https:\/\/blogs.correiobraziliense.com.br\/servidor\/wp-json\/wp\/v2\/posts"}],"about":[{"href":"https:\/\/blogs.correiobraziliense.com.br\/servidor\/wp-json\/wp\/v2\/types\/post"}],"author":[{"embeddable":true,"href":"https:\/\/blogs.correiobraziliense.com.br\/servidor\/wp-json\/wp\/v2\/users\/27"}],"replies":[{"embeddable":true,"href":"https:\/\/blogs.correiobraziliense.com.br\/servidor\/wp-json\/wp\/v2\/comments?post=822"}],"version-history":[{"count":1,"href":"https:\/\/blogs.correiobraziliense.com.br\/servidor\/wp-json\/wp\/v2\/posts\/822\/revisions"}],"predecessor-version":[{"id":823,"href":"https:\/\/blogs.correiobraziliense.com.br\/servidor\/wp-json\/wp\/v2\/posts\/822\/revisions\/823"}],"wp:attachment":[{"href":"https:\/\/blogs.correiobraziliense.com.br\/servidor\/wp-json\/wp\/v2\/media?parent=822"}],"wp:term":[{"taxonomy":"category","embeddable":true,"href":"https:\/\/blogs.correiobraziliense.com.br\/servidor\/wp-json\/wp\/v2\/categories?post=822"},{"taxonomy":"post_tag","embeddable":true,"href":"https:\/\/blogs.correiobraziliense.com.br\/servidor\/wp-json\/wp\/v2\/tags?post=822"}],"curies":[{"name":"wp","href":"https:\/\/api.w.org\/{rel}","templated":true}]}}