{"id":8217,"date":"2018-02-16T13:01:49","date_gmt":"2018-02-16T15:01:49","guid":{"rendered":"https:\/\/blogs.correiobraziliense.com.br\/servidor\/?p=8217"},"modified":"2018-02-16T13:01:49","modified_gmt":"2018-02-16T15:01:49","slug":"medida-de-urgencia-de-intervencao-no-rio-de-janeiro-e-midiatica-e-provisoria-diz-flavio-werneck","status":"publish","type":"post","link":"https:\/\/blogs.correiobraziliense.com.br\/servidor\/medida-de-urgencia-de-intervencao-no-rio-de-janeiro-e-midiatica-e-provisoria-diz-flavio-werneck\/","title":{"rendered":"Medida de urg\u00eancia de interven\u00e7\u00e3o no Rio de Janeiro \u00e9 midi\u00e1tica e provis\u00f3ria, diz Fl\u00e1vio Werneck"},"content":{"rendered":"<p><em>O presidente do Sindicato dos Policiais Federais (Sindipol-DF)\u00a0 e vice-presidente da Federa\u00e7\u00e3o Nacional dos Policiais Federais (Fenapef) avalia que a presen\u00e7a de for\u00e7as federais de seguran\u00e7a p\u00fablica at\u00e9 dezembro de 2018 n\u00e3o resolve o problema de seguran\u00e7a no Rio de Janeiro<\/em><\/p>\n<p>O imediatismo sem solu\u00e7\u00e3o a m\u00e9dio e longo prazo dar\u00e1 uma falsa sensa\u00e7\u00e3o de seguran\u00e7a, n\u00e3o resolver\u00e1 a crise. &#8220;Ir\u00e1 apenas encurralar por pouco tempo o crime organizado que ir\u00e1 trabalhar de forma mais discreta, que voltar\u00e1 com mais for\u00e7a com a sa\u00edda das tropas militares. O governo, se quisesse resolver o problema, deveria apresentar propostas que contivessem pr\u00e1ticas bem-sucedidas em outros pa\u00edses, tratando desde a preven\u00e7\u00e3o passando por novo modelo de investiga\u00e7\u00e3o policial, efici\u00eancia e celeridade na fase processual e altera\u00e7\u00e3o profunda na pol\u00edtica de execu\u00e7\u00e3o penal. A resposta passa necessariamente por altera\u00e7\u00f5es nesses pontos\u201d, argumenta.<\/p>\n","protected":false},"excerpt":{"rendered":"<p>O presidente do Sindicato dos Policiais Federais (Sindipol-DF)\u00a0 e vice-presidente da Federa\u00e7\u00e3o Nacional dos Policiais Federais (Fenapef) avalia que a presen\u00e7a de for\u00e7as federais de seguran\u00e7a p\u00fablica at\u00e9 dezembro de 2018 n\u00e3o resolve o problema de seguran\u00e7a no Rio de Janeiro O imediatismo sem solu\u00e7\u00e3o a m\u00e9dio e longo prazo dar\u00e1 uma falsa sensa\u00e7\u00e3o de seguran\u00e7a, n\u00e3o resolver\u00e1 a crise. [&hellip;]<\/p>\n","protected":false},"author":27,"featured_media":0,"comment_status":"open","ping_status":"closed","sticky":false,"template":"","format":"standard","meta":{"footnotes":""},"categories":[2719],"tags":[4351,1033,66,7278,59,107,11169,11171,11172,5298,722,3816,11168,51,4266,3596,9160,922,8189,754,208,8137,11170,11173,1960],"class_list":["post-8217","post","type-post","status-publish","format-standard","hentry","category-servidor","tag-celeridade","tag-eficiencia","tag-execucao","tag-falsa","tag-federais","tag-fenapef","tag-flavio-werneck","tag-forcas","tag-imediatismo","tag-intervencao","tag-investigacao","tag-medida","tag-midiatica","tag-militares","tag-penal","tag-prevencao","tag-processual","tag-propostas","tag-provisoria","tag-rio-de-janeiro","tag-seguranca","tag-sensacao","tag-sindipol-dff","tag-tropas","tag-urgencia"],"_links":{"self":[{"href":"https:\/\/blogs.correiobraziliense.com.br\/servidor\/wp-json\/wp\/v2\/posts\/8217","targetHints":{"allow":["GET"]}}],"collection":[{"href":"https:\/\/blogs.correiobraziliense.com.br\/servidor\/wp-json\/wp\/v2\/posts"}],"about":[{"href":"https:\/\/blogs.correiobraziliense.com.br\/servidor\/wp-json\/wp\/v2\/types\/post"}],"author":[{"embeddable":true,"href":"https:\/\/blogs.correiobraziliense.com.br\/servidor\/wp-json\/wp\/v2\/users\/27"}],"replies":[{"embeddable":true,"href":"https:\/\/blogs.correiobraziliense.com.br\/servidor\/wp-json\/wp\/v2\/comments?post=8217"}],"version-history":[{"count":1,"href":"https:\/\/blogs.correiobraziliense.com.br\/servidor\/wp-json\/wp\/v2\/posts\/8217\/revisions"}],"predecessor-version":[{"id":8218,"href":"https:\/\/blogs.correiobraziliense.com.br\/servidor\/wp-json\/wp\/v2\/posts\/8217\/revisions\/8218"}],"wp:attachment":[{"href":"https:\/\/blogs.correiobraziliense.com.br\/servidor\/wp-json\/wp\/v2\/media?parent=8217"}],"wp:term":[{"taxonomy":"category","embeddable":true,"href":"https:\/\/blogs.correiobraziliense.com.br\/servidor\/wp-json\/wp\/v2\/categories?post=8217"},{"taxonomy":"post_tag","embeddable":true,"href":"https:\/\/blogs.correiobraziliense.com.br\/servidor\/wp-json\/wp\/v2\/tags?post=8217"}],"curies":[{"name":"wp","href":"https:\/\/api.w.org\/{rel}","templated":true}]}}