{"id":8211,"date":"2018-02-15T21:04:07","date_gmt":"2018-02-15T23:04:07","guid":{"rendered":"https:\/\/blogs.correiobraziliense.com.br\/servidor\/?p=8211"},"modified":"2018-02-15T21:04:07","modified_gmt":"2018-02-15T23:04:07","slug":"faculdade-de-direito-da-usp-oferece-vagas-para-grupo-de-estudos-sobre-direito-do-trabalho","status":"publish","type":"post","link":"https:\/\/blogs.correiobraziliense.com.br\/servidor\/faculdade-de-direito-da-usp-oferece-vagas-para-grupo-de-estudos-sobre-direito-do-trabalho\/","title":{"rendered":"Faculdade de Direito da USP oferece vagas para  grupo de estudos sobre Direito do Trabalho"},"content":{"rendered":"<p><em>At\u00e9 20 de fevereiro, a Faculdade de Direito da Universidade de S\u00e3o Paulo recebe inscri\u00e7\u00f5es de novos integrantes para forma\u00e7\u00e3o de grupos de estudos de Direito Contempor\u00e2neo do Trabalho e da Seguridade Social, coordenado pelo professor titular Nelson Mannrich. <\/em><\/p>\n<p>O objetivo \u00e9 realizar debates e pesquisas acad\u00eamicas que envolvam rela\u00e7\u00f5es contempor\u00e2neas do Direito do Trabalho (rela\u00e7\u00f5es individuais do trabalho, rela\u00e7\u00f5es coletivas de trabalho e direito da seguridade social), com \u00eanfase nos estudos do direito do trabalho comparado.<\/p>\n<p>S\u00e3o oferecidas cinco vagas para pesquisadores externos (doutores, mestres, alunos de cursos de p\u00f3s-gradua\u00e7\u00e3o ou bachar\u00e9is em Direito). A FDUSP fica no Largo de S\u00e3o Francisco, 95, Centro, S\u00e3o Paulo.<\/p>\n<p>As inscri\u00e7\u00f5es deve ser feitas por meio de envio do <em>curriculum lattes<\/em> e de carta de motiva\u00e7\u00e3o, de uma p\u00e1gina, contendo a indica\u00e7\u00e3o dos motivos para participa\u00e7\u00e3o no grupo de pesquisa. Os documentos dever\u00e3o ser encaminhados para o <em>e-mail<\/em> <strong>getrab.usp@gmail.com<\/strong>.<\/p>\n","protected":false},"excerpt":{"rendered":"<p>At\u00e9 20 de fevereiro, a Faculdade de Direito da Universidade de S\u00e3o Paulo recebe inscri\u00e7\u00f5es de novos integrantes para forma\u00e7\u00e3o de grupos de estudos de Direito Contempor\u00e2neo do Trabalho e da Seguridade Social, coordenado pelo professor titular Nelson Mannrich. O objetivo \u00e9 realizar debates e pesquisas acad\u00eamicas que envolvam rela\u00e7\u00f5es contempor\u00e2neas do Direito do Trabalho (rela\u00e7\u00f5es individuais do trabalho, rela\u00e7\u00f5es [&hellip;]<\/p>\n","protected":false},"author":27,"featured_media":0,"comment_status":"open","ping_status":"closed","sticky":false,"template":"","format":"standard","meta":{"footnotes":""},"categories":[2719],"tags":[1442,9161,7596,1320,11149,116,11147,760,11150,1086,10940,5159,3309,476,781,11151,7816,4661,4340,11148,772,2982,703],"class_list":["post-8211","post","type-post","status-publish","format-standard","hentry","category-servidor","tag-alunos","tag-bachareis","tag-coletivas","tag-comparado","tag-conteporaneas","tag-direito","tag-direito-do-trabalho","tag-documentos","tag-doutores","tag-estudos","tag-externos","tag-faculdade","tag-grupo","tag-individuais","tag-inscricoes","tag-mestres","tag-pesquisadores","tag-pesquisas","tag-pos-graduacao","tag-realcoes","tag-seguridade-social","tag-usp","tag-vagas"],"_links":{"self":[{"href":"https:\/\/blogs.correiobraziliense.com.br\/servidor\/wp-json\/wp\/v2\/posts\/8211","targetHints":{"allow":["GET"]}}],"collection":[{"href":"https:\/\/blogs.correiobraziliense.com.br\/servidor\/wp-json\/wp\/v2\/posts"}],"about":[{"href":"https:\/\/blogs.correiobraziliense.com.br\/servidor\/wp-json\/wp\/v2\/types\/post"}],"author":[{"embeddable":true,"href":"https:\/\/blogs.correiobraziliense.com.br\/servidor\/wp-json\/wp\/v2\/users\/27"}],"replies":[{"embeddable":true,"href":"https:\/\/blogs.correiobraziliense.com.br\/servidor\/wp-json\/wp\/v2\/comments?post=8211"}],"version-history":[{"count":1,"href":"https:\/\/blogs.correiobraziliense.com.br\/servidor\/wp-json\/wp\/v2\/posts\/8211\/revisions"}],"predecessor-version":[{"id":8212,"href":"https:\/\/blogs.correiobraziliense.com.br\/servidor\/wp-json\/wp\/v2\/posts\/8211\/revisions\/8212"}],"wp:attachment":[{"href":"https:\/\/blogs.correiobraziliense.com.br\/servidor\/wp-json\/wp\/v2\/media?parent=8211"}],"wp:term":[{"taxonomy":"category","embeddable":true,"href":"https:\/\/blogs.correiobraziliense.com.br\/servidor\/wp-json\/wp\/v2\/categories?post=8211"},{"taxonomy":"post_tag","embeddable":true,"href":"https:\/\/blogs.correiobraziliense.com.br\/servidor\/wp-json\/wp\/v2\/tags?post=8211"}],"curies":[{"name":"wp","href":"https:\/\/api.w.org\/{rel}","templated":true}]}}