{"id":8209,"date":"2018-02-15T20:57:48","date_gmt":"2018-02-15T22:57:48","guid":{"rendered":"https:\/\/blogs.correiobraziliense.com.br\/servidor\/?p=8209"},"modified":"2018-02-15T20:57:48","modified_gmt":"2018-02-15T22:57:48","slug":"estudo-aponta-deficit-crescente-da-previdencia-dos-servidores-publicos","status":"publish","type":"post","link":"https:\/\/blogs.correiobraziliense.com.br\/servidor\/estudo-aponta-deficit-crescente-da-previdencia-dos-servidores-publicos\/","title":{"rendered":"Estudo aponta d\u00e9ficit crescente da previd\u00eancia dos servidores p\u00fablicos"},"content":{"rendered":"<p><i>Expectativa \u00e9 de que a situa\u00e7\u00e3o se agrave nos pr\u00f3ximos anos, com o grande n\u00famero de aposentadorias previstas. Determinantes para a eleva\u00e7\u00e3o das despesas previdenci\u00e1rias das Unidades da Federa\u00e7\u00e3o foram o r\u00e1pido crescimento do n\u00famero de servidores aposentados e os significativos aumentos de sal\u00e1rios concedidos entre 2004 e 2014. Em quase todos os estados, esses \u00faltimos aumentos levaram tamb\u00e9m a um r\u00e1pido crescimento dos gastos com pessoal ativo no mesmo per\u00edodo \u2013 ainda que menor do que o verificado nos gastos com inativos<br \/>\n<\/i><\/p>\n<p>O d\u00e9ficit dos Regimes Pr\u00f3prios de Previd\u00eancia Social dos Servidores P\u00fablicos (RPPSs) em 2017 ser\u00e1 de aproximadamente R$ 180 bilh\u00f5es, de acordo com dados dispon\u00edveis at\u00e9 o quinto bimestre do ano passado. A estimativa est\u00e1 na Nota T\u00e9cnica <em>O Crescimento Insustent\u00e1vel dos Gastos com Previd\u00eancia e Pessoal<\/em>, publicada nesta quinta-feira (15\/02), no <a href=\"http:\/\/www.ipea.gov.br\/cartadeconjuntura\/index.php\/2018\/02\/15\/o-crescimento-insustentavel-dos-gastos-com-previdencia-e-pessoal\/\">blog da Carta de Conjuntura<\/a> do Instituto de Pesquisa Econ\u00f4mica Aplicada (Ipea). Em 2016, esse d\u00e9ficit \u2013 que considera os regimes pr\u00f3prios de Uni\u00e3o, estados e munic\u00edpios \u2013 havia ficado em R$ 170,79 bilh\u00f5es, maior que os R$ 149,7 bilh\u00f5es registrados no INSS naquele ano.<\/p>\n<p>A nota \u00e9 assinada pelo presidente do Ipea, Ernesto Lozardo, e pelos pesquisadores Claudio Hamilton Matos dos Santos, coordenador de Pol\u00edticas Macroecon\u00f4micas, e Rog\u00e9rio Nagamine Costanzi, coordenador de Seguridade Social do instituto. Os autores apontam como determinantes da eleva\u00e7\u00e3o das despesas previdenci\u00e1rias das Unidades da Federa\u00e7\u00e3o o r\u00e1pido crescimento do n\u00famero de servidores aposentados e os significativos aumentos de sal\u00e1rios concedidos aos servidores p\u00fablicos entre 2004 e 2014 em quase todo o Brasil. Em quase todos os estados, esses \u00faltimos aumentos levaram tamb\u00e9m a um r\u00e1pido crescimento dos gastos com pessoal ativo no mesmo per\u00edodo \u2013 ainda que menor do que o verificado nos gastos com inativos.<\/p>\n<p>Dessa forma, cada vez mais os recursos \u00e0 disposi\u00e7\u00e3o da Uni\u00e3o e dos governos estaduais se direcionam para previd\u00eancia e pessoal, com impactos indiretos negativos sobre as demais \u00e1reas. Os gastos agregados das UFs com pessoal ativo e inativo atingiram, em 2016, 58,3% da receita corrente l\u00edquida agregada desses mesmos estados. J\u00e1 no consolidado de governo central e UFs, as despesas com previd\u00eancia e pessoal (ativos e inativos) consumiram, em 2016, cerca de 69,1% da receita l\u00edquida.<\/p>\n<p>No caso da Uni\u00e3o, a participa\u00e7\u00e3o das despesas com pessoal (ativos e inativos), com o Regime Geral de Previd\u00eancia Social (RGPS) e o Benef\u00edcio de Presta\u00e7\u00e3o Continuada da Lei Org\u00e2nica da Assist\u00eancia Social (BPC\/<em>Loas<\/em>) na receita l\u00edquida pulou de 56,8% em 2010 para 77,5% em 2017. O aumento de 20,7 pontos percentuais foi puxado, principalmente, pelo RGPS.<\/p>\n<p>A pesquisa alerta para a expectativa de um grande n\u00famero de novas aposentadorias de servidores p\u00fablicos nos pr\u00f3ximos anos. Isso porque \u2013 por conta de decis\u00f5es de contrata\u00e7\u00e3o tomadas d\u00e9cadas atr\u00e1s \u2013 o peso dos servidores acima de 50 anos nas administra\u00e7\u00f5es p\u00fablicas estaduais e na Uni\u00e3o \u00e9, em geral, bastante elevado atualmente, variando de cerca de um ter\u00e7o at\u00e9, em casos mais extremos, pr\u00f3ximo da metade do quadro atual de servidores ativos.<\/p>\n<p><a href=\"http:\/\/www.ipea.gov.br\/cartadeconjuntura\/index.php\/2018\/02\/15\/o-crescimento-insustentavel-dos-gastos-com-previdencia-e-pessoal\/\">Confira a \u00edntegra da Nota T\u00e9cnica no blog da Carta de Conjuntura<\/a><\/p>\n","protected":false},"excerpt":{"rendered":"<p>Expectativa \u00e9 de que a situa\u00e7\u00e3o se agrave nos pr\u00f3ximos anos, com o grande n\u00famero de aposentadorias previstas. Determinantes para a eleva\u00e7\u00e3o das despesas previdenci\u00e1rias das Unidades da Federa\u00e7\u00e3o foram o r\u00e1pido crescimento do n\u00famero de servidores aposentados e os significativos aumentos de sal\u00e1rios concedidos entre 2004 e 2014. Em quase todos os estados, esses \u00faltimos aumentos levaram tamb\u00e9m a [&hellip;]<\/p>\n","protected":false},"author":27,"featured_media":0,"comment_status":"open","ping_status":"closed","sticky":false,"template":"","format":"standard","meta":{"footnotes":""},"categories":[2719],"tags":[2055,345,2515,4098,172,11144,411,235,943,1287,1169,3975,11,2027,8289,944,11146,2456,187,1153,549,24,461,590,588,30,58,11145,330],"class_list":["post-8209","post","type-post","status-publish","format-standard","hentry","category-servidor","tag-aposentadorias","tag-aposentados","tag-ativo","tag-conjuntura","tag-contratacao","tag-crescente","tag-deficit","tag-despesas","tag-estados","tag-estudo","tag-gastos","tag-inativo","tag-inss","tag-ipea","tag-liquida","tag-municipios","tag-pbcloas","tag-percentuais","tag-pesquisa","tag-pessoal","tag-previdencia","tag-publicos","tag-receita","tag-rgps","tag-rpps","tag-salarios","tag-servidores","tag-ufs","tag-uniao"],"_links":{"self":[{"href":"https:\/\/blogs.correiobraziliense.com.br\/servidor\/wp-json\/wp\/v2\/posts\/8209","targetHints":{"allow":["GET"]}}],"collection":[{"href":"https:\/\/blogs.correiobraziliense.com.br\/servidor\/wp-json\/wp\/v2\/posts"}],"about":[{"href":"https:\/\/blogs.correiobraziliense.com.br\/servidor\/wp-json\/wp\/v2\/types\/post"}],"author":[{"embeddable":true,"href":"https:\/\/blogs.correiobraziliense.com.br\/servidor\/wp-json\/wp\/v2\/users\/27"}],"replies":[{"embeddable":true,"href":"https:\/\/blogs.correiobraziliense.com.br\/servidor\/wp-json\/wp\/v2\/comments?post=8209"}],"version-history":[{"count":1,"href":"https:\/\/blogs.correiobraziliense.com.br\/servidor\/wp-json\/wp\/v2\/posts\/8209\/revisions"}],"predecessor-version":[{"id":8210,"href":"https:\/\/blogs.correiobraziliense.com.br\/servidor\/wp-json\/wp\/v2\/posts\/8209\/revisions\/8210"}],"wp:attachment":[{"href":"https:\/\/blogs.correiobraziliense.com.br\/servidor\/wp-json\/wp\/v2\/media?parent=8209"}],"wp:term":[{"taxonomy":"category","embeddable":true,"href":"https:\/\/blogs.correiobraziliense.com.br\/servidor\/wp-json\/wp\/v2\/categories?post=8209"},{"taxonomy":"post_tag","embeddable":true,"href":"https:\/\/blogs.correiobraziliense.com.br\/servidor\/wp-json\/wp\/v2\/tags?post=8209"}],"curies":[{"name":"wp","href":"https:\/\/api.w.org\/{rel}","templated":true}]}}