{"id":82,"date":"2015-02-26T18:06:00","date_gmt":"2015-02-26T21:06:00","guid":{"rendered":"https:\/\/blogs.correiobraziliense.com.br\/servidor\/csp-conlutas_vence_eleicao_no_sindicato_dos_metalurgicos\/"},"modified":"2015-02-26T18:06:00","modified_gmt":"2015-02-26T21:06:00","slug":"csp-conlutas_vence_eleicao_no_sindicato_dos_metalurgicos","status":"publish","type":"post","link":"https:\/\/blogs.correiobraziliense.com.br\/servidor\/csp-conlutas_vence_eleicao_no_sindicato_dos_metalurgicos\/","title":{"rendered":"CSP-CONLUTAS VENCE ELEI\u00c7\u00c3O NO SINDICATO DOS METAL\u00daRGICOS"},"content":{"rendered":"<p>A Chapa 1, da  CSP-Conlutas, venceu com 75% dos votos v\u00e1lidos a elei\u00e7\u00e3o para a  diretoria do Sindicato dos Metal\u00fargicos de S\u00e3o Jos\u00e9 dos Campos e Regi\u00e3o.  O atual presidente, Ant\u00f4nio Ferreira de Barros, o Macap\u00e1, foi reeleito  com 6.501 votos, contra 2.139 (25%) da Chapa 2, da CUT e CTB,  encabe\u00e7ada por Agnaldo Rodolfo dos Santos.&nbsp;A  Chapa 1 venceu em todas as 50 urnas. A margem de votos da chapa da CSP-Conlutas foi a maior das \u00faltimas elei\u00e7\u00f5es do Sindicato.&nbsp;Na General Motors, onde trabalham os dois candidatos a presidente, a CSP-Conlutas teve 67% dos votos contra 33% da CUT\/CTB.&nbsp;Acompanhada  por centenas de trabalhadores e ativistas, a apura\u00e7\u00e3o aconteceu nesta  quinta-feira, dia 26, no Centro Esportivo Vale do Sol, na zona sul de  S\u00e3o Jos\u00e9 dos Campos. &nbsp;Todo  o processo eleitoral foi acompanhado por fiscais e mes\u00e1rios indicados  pelas duas chapas participantes, o que garantiu a lisura do pleito. A  vota\u00e7\u00e3o aconteceu nos dias 24 e 25, nas f\u00e1bricas e sede e subsedes do  Sindicato. &nbsp;A  diretoria eleita ficar\u00e1 \u00e0 frente do Sindicato pelos pr\u00f3ximos tr\u00eas anos  (2015 \u2013 2018), dando continuidade \u00e0s lutas em defesa dos direitos dos  trabalhadores. <b>&nbsp;<\/b><b>Elei\u00e7\u00e3o durante greve<\/b> <\/p>\n<p>A  elei\u00e7\u00e3o aconteceu em meio a uma das mais importantes greves dos \u00faltimos  anos na regi\u00e3o.&nbsp; Esta semana, os metal\u00fargicos da GM cruzaram os bra\u00e7os  em protesto contra os planos de demiss\u00e3o da montadora. Nesta  quinta-feira, ap\u00f3s seis dias de greve, a empresa foi obrigada a recuar.&nbsp;&#8220;O  fato de a elei\u00e7\u00e3o ter ocorrido durante a forte greve em defesa dos  empregos realizada na GM \u00e9 marcante para a hist\u00f3ria do nosso Sindicato,  que sempre apostou no caminho da luta para alcan\u00e7ar as reivindica\u00e7\u00f5es da  categoria&#8221;, disse o presidente reeleito, Ant\u00f4nio Ferreira de Barros, o  Macap\u00e1.&nbsp;O  Sindicato dos Metal\u00fargicos \u00e9 um dos fundadores da CSP-Conlutas e  reconhecido como um dos mais combativos do pa\u00eds. A entidade representa  cerca de 42 mil trabalhadores nas cidades de S\u00e3o Jos\u00e9 dos Campos,  Jacare\u00ed, Ca\u00e7apava, Santa Branca e Igarat\u00e1.&nbsp; &nbsp;\u201cA  vit\u00f3ria da atual diretoria mostra que os trabalhadores aprovam nosso  projeto de luta e resist\u00eancia aos ataques dos patr\u00f5es e do governo.  Vivemos um momento em que os trabalhadores t\u00eam de estar, junto com o  Sindicato, \u00e0 frente das grandes lutas por direitos\u201d, conclui Macap\u00e1. <\/p>\n<p>Bras\u00edlia, 18h05min <\/p>\n<p><b><\/b>   <\/p>\n","protected":false},"excerpt":{"rendered":"<p>A Chapa 1, da CSP-Conlutas, venceu com 75% dos votos v\u00e1lidos a elei\u00e7\u00e3o para a diretoria do Sindicato dos Metal\u00fargicos de S\u00e3o Jos\u00e9 dos Campos e Regi\u00e3o. O atual presidente, Ant\u00f4nio Ferreira de Barros, o Macap\u00e1, foi reeleito com 6.501 votos, contra 2.139 (25%) da Chapa 2, da CUT e CTB, encabe\u00e7ada por Agnaldo Rodolfo dos Santos.&nbsp;A Chapa 1 venceu [&hellip;]<\/p>\n","protected":false},"author":27,"featured_media":0,"comment_status":"open","ping_status":"open","sticky":false,"template":"","format":"standard","meta":{"footnotes":""},"categories":[1],"tags":[],"class_list":["post-82","post","type-post","status-publish","format-standard","hentry","category-sem-categoria"],"_links":{"self":[{"href":"https:\/\/blogs.correiobraziliense.com.br\/servidor\/wp-json\/wp\/v2\/posts\/82","targetHints":{"allow":["GET"]}}],"collection":[{"href":"https:\/\/blogs.correiobraziliense.com.br\/servidor\/wp-json\/wp\/v2\/posts"}],"about":[{"href":"https:\/\/blogs.correiobraziliense.com.br\/servidor\/wp-json\/wp\/v2\/types\/post"}],"author":[{"embeddable":true,"href":"https:\/\/blogs.correiobraziliense.com.br\/servidor\/wp-json\/wp\/v2\/users\/27"}],"replies":[{"embeddable":true,"href":"https:\/\/blogs.correiobraziliense.com.br\/servidor\/wp-json\/wp\/v2\/comments?post=82"}],"version-history":[{"count":0,"href":"https:\/\/blogs.correiobraziliense.com.br\/servidor\/wp-json\/wp\/v2\/posts\/82\/revisions"}],"wp:attachment":[{"href":"https:\/\/blogs.correiobraziliense.com.br\/servidor\/wp-json\/wp\/v2\/media?parent=82"}],"wp:term":[{"taxonomy":"category","embeddable":true,"href":"https:\/\/blogs.correiobraziliense.com.br\/servidor\/wp-json\/wp\/v2\/categories?post=82"},{"taxonomy":"post_tag","embeddable":true,"href":"https:\/\/blogs.correiobraziliense.com.br\/servidor\/wp-json\/wp\/v2\/tags?post=82"}],"curies":[{"name":"wp","href":"https:\/\/api.w.org\/{rel}","templated":true}]}}