{"id":8191,"date":"2018-02-12T07:44:39","date_gmt":"2018-02-12T09:44:39","guid":{"rendered":"https:\/\/blogs.correiobraziliense.com.br\/servidor\/?p=8191"},"modified":"2018-02-09T17:59:14","modified_gmt":"2018-02-09T19:59:14","slug":"para-parlamentares-reforma-e-mais-importante-que-seguranca-aponta-pesquisa","status":"publish","type":"post","link":"https:\/\/blogs.correiobraziliense.com.br\/servidor\/para-parlamentares-reforma-e-mais-importante-que-seguranca-aponta-pesquisa\/","title":{"rendered":"Para parlamentares, reforma \u00e9 mais importante que seguran\u00e7a, aponta pesquisa"},"content":{"rendered":"<p>Um estudo do cientista pol\u00edtico Jorge Mizael, com 151 deputados federais de 23 partidos diferentes, em todas as regi\u00f5es\u00a0 e nos 26 Estados do pa\u00eds, constatou que a prioridade da pauta legislativa \u00e9 a reforma da Previd\u00eancia<\/p>\n<p>&#8220;Na pergunta sobre qual ser\u00e1 a principal pauta do Parlamento, verifica-se, como esperado, que a Reforma da Previd\u00eancia ocupa o primeiro lugar. No entanto, o item seguran\u00e7a p\u00fablica aparece na pen\u00faltima posi\u00e7\u00e3o, contrariando o discurso dos presidentes da C\u00e2mara, Rodrigo Maia (DEM\/RJ), e do Senado, Eun\u00edco Oliveira (MDB\/CE), que afirmaram que o tema seria uma das prioridades no Congresso Nacional&#8221;, destacou Mizael.<\/p>\n<p><img loading=\"lazy\" decoding=\"async\" class=\"size-large wp-image-8192 aligncenter\" src=\"https:\/\/blogs.correiobraziliense.com.br\/servidor\/wp-content\/uploads\/sites\/10\/2018\/02\/WhatsApp-Image-2018-02-09-at-12.00.53-1024x593.jpeg\" alt=\"WhatsApp Image 2018-02-09 at 12.00.53\" width=\"1024\" height=\"593\" srcset=\"https:\/\/blogs.correiobraziliense.com.br\/servidor\/wp-content\/uploads\/sites\/10\/2018\/02\/WhatsApp-Image-2018-02-09-at-12.00.53-1024x593.jpeg 1024w, https:\/\/blogs.correiobraziliense.com.br\/servidor\/wp-content\/uploads\/sites\/10\/2018\/02\/WhatsApp-Image-2018-02-09-at-12.00.53-300x174.jpeg 300w, https:\/\/blogs.correiobraziliense.com.br\/servidor\/wp-content\/uploads\/sites\/10\/2018\/02\/WhatsApp-Image-2018-02-09-at-12.00.53-768x445.jpeg 768w, https:\/\/blogs.correiobraziliense.com.br\/servidor\/wp-content\/uploads\/sites\/10\/2018\/02\/WhatsApp-Image-2018-02-09-at-12.00.53-350x203.jpeg 350w, https:\/\/blogs.correiobraziliense.com.br\/servidor\/wp-content\/uploads\/sites\/10\/2018\/02\/WhatsApp-Image-2018-02-09-at-12.00.53-550x318.jpeg 550w, https:\/\/blogs.correiobraziliense.com.br\/servidor\/wp-content\/uploads\/sites\/10\/2018\/02\/WhatsApp-Image-2018-02-09-at-12.00.53-230x133.jpeg 230w, https:\/\/blogs.correiobraziliense.com.br\/servidor\/wp-content\/uploads\/sites\/10\/2018\/02\/WhatsApp-Image-2018-02-09-at-12.00.53.jpeg 1280w\" sizes=\"auto, (max-width: 1024px) 100vw, 1024px\" \/><\/p>\n<p>A pesquisa coordenada pelo cientista pol\u00edtico foi feita entre os dias 5 e 7 deste m\u00eas, na C\u00e2mara dos Deputados,Foram feitas sete perguntas aos parlamentares a respeito da conjuntura pol\u00edtica deste ano e de suas perspectivas para as elei\u00e7\u00f5es gerais de outubro, conforme descritas abaixo:<\/p>\n<p>1- De modo geral, no que diz respeito ao trabalhos legislativos de 2018 (com feriados, Copa do mundo e elei\u00e7\u00f5es), o\/a sr. (a) acredita que ele ser\u00e1:<br \/>\n( ) Nada produtivo<br \/>\n( ) Pouco produtivo<br \/>\n( ) Muito produtivo<\/p>\n<p>2- Na sua opini\u00e3o quais ser\u00e3o os principais temas do legislativo em 2018?<br \/>\nCombate \u00e0 Corrup\u00e7\u00e3o<br \/>\nCom\u00e9rcio Exterior<br \/>\nEduca\u00e7\u00e3o<br \/>\nEmprego<br \/>\nLava-Jato<br \/>\nMaior idade penal<br \/>\nPrivatiza\u00e7\u00f5es<br \/>\nReforma da Previd\u00eancia<br \/>\nReforma Tribut\u00e1ria<br \/>\nSa\u00fade<br \/>\nSaneamento b\u00e1sico<br \/>\nSistema penitenci\u00e1rio<br \/>\nOutros<\/p>\n<p>3- Considerando as elei\u00e7\u00f5es presidenciais, de 0 a 10, sendo zero n\u00e3o altera nada e 10 altera todo o cen\u00e1rio, o quanto o\/a sr. (a) acredita que a condena\u00e7\u00e3o, em segunda est\u00e2ncia, do ex-presidente Lula alterar\u00e1 o cen\u00e1rio eleitoral deste ano?<br \/>\n0-( ) 1-( ) 2-( ) 3-( ) 4-( ) 5-( ) 6-( ) 7-( ) 8-( ) 9-( ) 10-( ) 11-NS\/NR-( )<\/p>\n<p>4- Considerando o relat\u00f3rio aprovado na Comiss\u00e3o Especial da Reforma da Previd\u00eancia, o\/a sr.(a) acredita que ele ser\u00e1 o suficiente para solucionar a quest\u00e3o previdenci\u00e1ria do pa\u00eds?<br \/>\nSim-( ) N\u00e3o -( ) NS\/NR-( )<\/p>\n<p>5- O\/A sr. (a) acredita que o relat\u00f3rio do deputado Arthur Maia ser\u00e1 suficiente para acabar com os &#8220;privil\u00e9gios&#8221; dos servidores p\u00fablicos, conforme apontado pelo governo?<br \/>\nSim-( ) Nao-( ) NS\/NR-( )<\/p>\n<p>6- O\/A sr.(a) acredita que a vota\u00e7\u00e3o da reforma da previd\u00eancia influenciar\u00e1 o resultado das elei\u00e7\u00f5es deste ano?<br \/>\nSim-( ) N\u00e3o -( ) NS\/NR-( )<\/p>\n<p>7- Em uma escala de 0 a 10, o quanto o\/a sr.(a) acredita que o seu voto na mat\u00e9ria da reforma da previd\u00eancia poder\u00e1 alterar a sua imagem diante do eleitorado?<br \/>\n0-( ) 1-( ) 2-( ) 3-( ) 4-( ) 5-( ) 6-( ) 7-( ) 8-( ) 9-( ) 10-( ) 11-NS\/NR-( )<\/p>\n","protected":false},"excerpt":{"rendered":"<p>Um estudo do cientista pol\u00edtico Jorge Mizael, com 151 deputados federais de 23 partidos diferentes, em todas as regi\u00f5es\u00a0 e nos 26 Estados do pa\u00eds, constatou que a prioridade da pauta legislativa \u00e9 a reforma da Previd\u00eancia &#8220;Na pergunta sobre qual ser\u00e1 a principal pauta do Parlamento, verifica-se, como esperado, que a Reforma da Previd\u00eancia ocupa o primeiro lugar. No [&hellip;]<\/p>\n","protected":false},"author":27,"featured_media":0,"comment_status":"open","ping_status":"closed","sticky":false,"template":"","format":"standard","meta":{"footnotes":""},"categories":[2719],"tags":[],"class_list":["post-8191","post","type-post","status-publish","format-standard","hentry","category-servidor"],"_links":{"self":[{"href":"https:\/\/blogs.correiobraziliense.com.br\/servidor\/wp-json\/wp\/v2\/posts\/8191","targetHints":{"allow":["GET"]}}],"collection":[{"href":"https:\/\/blogs.correiobraziliense.com.br\/servidor\/wp-json\/wp\/v2\/posts"}],"about":[{"href":"https:\/\/blogs.correiobraziliense.com.br\/servidor\/wp-json\/wp\/v2\/types\/post"}],"author":[{"embeddable":true,"href":"https:\/\/blogs.correiobraziliense.com.br\/servidor\/wp-json\/wp\/v2\/users\/27"}],"replies":[{"embeddable":true,"href":"https:\/\/blogs.correiobraziliense.com.br\/servidor\/wp-json\/wp\/v2\/comments?post=8191"}],"version-history":[{"count":1,"href":"https:\/\/blogs.correiobraziliense.com.br\/servidor\/wp-json\/wp\/v2\/posts\/8191\/revisions"}],"predecessor-version":[{"id":8193,"href":"https:\/\/blogs.correiobraziliense.com.br\/servidor\/wp-json\/wp\/v2\/posts\/8191\/revisions\/8193"}],"wp:attachment":[{"href":"https:\/\/blogs.correiobraziliense.com.br\/servidor\/wp-json\/wp\/v2\/media?parent=8191"}],"wp:term":[{"taxonomy":"category","embeddable":true,"href":"https:\/\/blogs.correiobraziliense.com.br\/servidor\/wp-json\/wp\/v2\/categories?post=8191"},{"taxonomy":"post_tag","embeddable":true,"href":"https:\/\/blogs.correiobraziliense.com.br\/servidor\/wp-json\/wp\/v2\/tags?post=8191"}],"curies":[{"name":"wp","href":"https:\/\/api.w.org\/{rel}","templated":true}]}}