{"id":8173,"date":"2018-02-09T14:59:53","date_gmt":"2018-02-09T16:59:53","guid":{"rendered":"https:\/\/blogs.correiobraziliense.com.br\/servidor\/?p=8173"},"modified":"2018-02-09T14:59:53","modified_gmt":"2018-02-09T16:59:53","slug":"tempos-dificeis","status":"publish","type":"post","link":"https:\/\/blogs.correiobraziliense.com.br\/servidor\/tempos-dificeis\/","title":{"rendered":"Tempos dif\u00edceis"},"content":{"rendered":"<p><em>A queda de bra\u00e7o entre v\u00e1rias categorias e setores e o governo ser\u00e1 intensa. O ajuste fiscal, segundo o especialista, passar\u00e1, inevitavelmente, por uma proposta de reforma previdenci\u00e1ria mais dura e pelo corte de benef\u00edcios e privil\u00e9gios para cumprir o teto de gastos e a regra de ouro, que impede o governo de se endividar para cobrir despesas correntes<\/em><\/p>\n<p>O economista e pesquisador do Instituto Brasileiro de Economia da Funda\u00e7\u00e3o Getulio Vargas (Ibre-FGV) Luiz Guilherme Schymura afirma que o problema das contas p\u00fablicas reflete o fato de que, h\u00e1 muitos anos, as despesas crescem em ritmo mais acelerado do que a receita. \u201cO arsenal de medidas para financiar a eleva\u00e7\u00e3o dos disp\u00eandios acabou\u201d, afirmou, acrescentando que a carga tribut\u00e1ria do pa\u00eds \u00e9 uma das mais altas da Am\u00e9rica Latina, e que n\u00e3o h\u00e1 espa\u00e7o para aument\u00e1-la, como ocorreu entre 1996 e 2005.<\/p>\n<p>O ajuste fiscal, segundo o especialista, passar\u00e1, inevitavelmente, por uma proposta de reforma previdenci\u00e1ria mais dura e pelo corte de benef\u00edcios e privil\u00e9gios para cumprir o teto de gastos e a regra de ouro, que impede o governo de se endividar para cobrir despesas correntes. A queda de bra\u00e7o entre v\u00e1rias categorias e setores e o governo ser\u00e1 intensa. \u201cAs reformas e o ajuste fiscal podem parecer simples nas planilhas, mas s\u00e3o extremamente complexos e dif\u00edceis do ponto de vista da din\u00e2mica sociopol\u00edtica brasileira. Tempos tumultuados e dif\u00edceis se aproximam\u201d, alertou.<\/p>\n<p>Para ter uma ideia do qu\u00e3o cr\u00edtico \u00e9 o quadro fiscal, Schymura diz que olha mais para a evolu\u00e7\u00e3o da d\u00edvida p\u00fablica l\u00edquida em vez da bruta, porque esses dados foram contaminados pela devolu\u00e7\u00e3o dos repasses feitos pelo Tesouro ao Banco de Desenvolvimento Econ\u00f4mico e Social (BNDES). Essa opera\u00e7\u00e3o fez a d\u00edvida p\u00fablica bruta encerrar o ano em 74% do PIB, abaixo dos 74,3% do PIB de novembro.<\/p>\n<p>J\u00e1 a d\u00edvida p\u00fablica l\u00edquida continua crescendo, e passou de 50,7% para 51,6% do PIB, entre novembro e dezembro. A ag\u00eancia Standard &amp; Poor&#8217;s prev\u00ea que a d\u00edvida l\u00edquida chegar\u00e1 a 71,6% do PIB em 2020, um salto de 55% sobre os 46,2% de 2016. \u201cA sensa\u00e7\u00e3o \u00e9 que a queda na d\u00edvida bruta \u00e9 apenas cont\u00e1bil, porque a melhora n\u00e3o est\u00e1 ocorrendo do ponto de vista fiscal\u201d, alertou. (RH)<\/p>\n","protected":false},"excerpt":{"rendered":"<p>A queda de bra\u00e7o entre v\u00e1rias categorias e setores e o governo ser\u00e1 intensa. O ajuste fiscal, segundo o especialista, passar\u00e1, inevitavelmente, por uma proposta de reforma previdenci\u00e1ria mais dura e pelo corte de benef\u00edcios e privil\u00e9gios para cumprir o teto de gastos e a regra de ouro, que impede o governo de se endividar para cobrir despesas correntes O [&hellip;]<\/p>\n","protected":false},"author":27,"featured_media":0,"comment_status":"open","ping_status":"closed","sticky":false,"template":"","format":"standard","meta":{"footnotes":""},"categories":[2719],"tags":[78,852,803,11038,258,235,8068,11107,11108,67,1169,98,11106,132,955,54,711,10774,5818,11105],"class_list":["post-8173","post","type-post","status-publish","format-standard","hentry","category-servidor","tag-ajuste","tag-beneficios","tag-categorias","tag-correntes","tag-corte","tag-despesas","tag-dificeis","tag-dura","tag-endividar","tag-fiscal","tag-gastos","tag-governo","tag-intensa","tag-previdenciaria","tag-privilegios","tag-proposta","tag-reforma","tag-regra-de-ouro","tag-setores","tag-tempos"],"_links":{"self":[{"href":"https:\/\/blogs.correiobraziliense.com.br\/servidor\/wp-json\/wp\/v2\/posts\/8173","targetHints":{"allow":["GET"]}}],"collection":[{"href":"https:\/\/blogs.correiobraziliense.com.br\/servidor\/wp-json\/wp\/v2\/posts"}],"about":[{"href":"https:\/\/blogs.correiobraziliense.com.br\/servidor\/wp-json\/wp\/v2\/types\/post"}],"author":[{"embeddable":true,"href":"https:\/\/blogs.correiobraziliense.com.br\/servidor\/wp-json\/wp\/v2\/users\/27"}],"replies":[{"embeddable":true,"href":"https:\/\/blogs.correiobraziliense.com.br\/servidor\/wp-json\/wp\/v2\/comments?post=8173"}],"version-history":[{"count":1,"href":"https:\/\/blogs.correiobraziliense.com.br\/servidor\/wp-json\/wp\/v2\/posts\/8173\/revisions"}],"predecessor-version":[{"id":8174,"href":"https:\/\/blogs.correiobraziliense.com.br\/servidor\/wp-json\/wp\/v2\/posts\/8173\/revisions\/8174"}],"wp:attachment":[{"href":"https:\/\/blogs.correiobraziliense.com.br\/servidor\/wp-json\/wp\/v2\/media?parent=8173"}],"wp:term":[{"taxonomy":"category","embeddable":true,"href":"https:\/\/blogs.correiobraziliense.com.br\/servidor\/wp-json\/wp\/v2\/categories?post=8173"},{"taxonomy":"post_tag","embeddable":true,"href":"https:\/\/blogs.correiobraziliense.com.br\/servidor\/wp-json\/wp\/v2\/tags?post=8173"}],"curies":[{"name":"wp","href":"https:\/\/api.w.org\/{rel}","templated":true}]}}