{"id":8161,"date":"2018-02-08T14:47:19","date_gmt":"2018-02-08T16:47:19","guid":{"rendered":"https:\/\/blogs.correiobraziliense.com.br\/servidor\/?p=8161"},"modified":"2018-02-08T14:48:57","modified_gmt":"2018-02-08T16:48:57","slug":"resistencia-reforma-previdenciaria-da-argentina-e-acoes-estrategicas-contra-reforma-de-temer","status":"publish","type":"post","link":"https:\/\/blogs.correiobraziliense.com.br\/servidor\/resistencia-reforma-previdenciaria-da-argentina-e-acoes-estrategicas-contra-reforma-de-temer\/","title":{"rendered":"A Resist\u00eancia \u00e0 Reforma Previdenci\u00e1ria da Argentina e A\u00e7\u00f5es Estrat\u00e9gicas contra a Reforma de Temer"},"content":{"rendered":"<p><em>O dia 19 de fevereiro ser\u00e1 marcado pela resist\u00eancia contra a reforma da Previd\u00eancia, PEC 287\/16, alerta a Associa\u00e7\u00e3o Nacional dos Auditores Fiscais da Receita Federal (Anfip)<\/em><\/p>\n<p>A entidade, em conjunto com a Frente Parlamentar Mista em Defesa da Previd\u00eancia Social e a Federa\u00e7\u00e3o Nacional do Fisco Estadual e Distrital (Fenafisco), o semin\u00e1rio &#8220;A Resist\u00eancia \u00e0 Reforma Previdenci\u00e1ria da Argentina e A\u00e7\u00f5es Estrat\u00e9gicas contra a Reforma de Temer&#8221;. O evento est\u00e1 previsto para come\u00e7ar \u00e0s 14h, no Senado Federal, em Bras\u00edlia (DF).<\/p>\n<p>Os senadores Paulo Paim (PT-RS) e Jos\u00e9 Pimentel (PT-PI) far\u00e3o a abertura do evento. Em seguida, o presidente da Confederaci\u00f3n Latinoamericana de Trabajadores Estatales (Clate), Julio Durval Fuentes, ir\u00e1 falar sobre a situa\u00e7\u00e3o da reforma da Previd\u00eancia argentina, com coment\u00e1rios do presidente da Anfip, Floriano Martins de S\u00e1 Neto, e do presidente da Fenafisco, Charles Alc\u00e2ntara. Para finalizar o dia de luta, \u00e0s 16h, acontecer\u00e1 um debate com as Centrais Sindicais e parceiras da Frente Parlamentar para definir a\u00e7\u00f5es estrat\u00e9gicas contra a reforma da Previd\u00eancia.<\/p>\n<p>Para participar, \u00e9 necess\u00e1rio fazer a inscri\u00e7\u00e3o <a href=\"https:\/\/goo.gl\/forms\/w6dORpNOfQWizORF3\">aqui<\/a>.<\/p>\n","protected":false},"excerpt":{"rendered":"<p>O dia 19 de fevereiro ser\u00e1 marcado pela resist\u00eancia contra a reforma da Previd\u00eancia, PEC 287\/16, alerta a Associa\u00e7\u00e3o Nacional dos Auditores Fiscais da Receita Federal (Anfip) A entidade, em conjunto com a Frente Parlamentar Mista em Defesa da Previd\u00eancia Social e a Federa\u00e7\u00e3o Nacional do Fisco Estadual e Distrital (Fenafisco), o semin\u00e1rio &#8220;A Resist\u00eancia \u00e0 Reforma Previdenci\u00e1ria da Argentina [&hellip;]<\/p>\n","protected":false},"author":27,"featured_media":0,"comment_status":"open","ping_status":"closed","sticky":false,"template":"","format":"standard","meta":{"footnotes":""},"categories":[2719],"tags":[203,771,9796,1259,11089,4444,4320,2012,829,4662,9727,1043,696,1260],"class_list":["post-8161","post","type-post","status-publish","format-standard","hentry","category-servidor","tag-acoes","tag-anfip","tag-argentina","tag-centrais","tag-clate","tag-estrategicas","tag-fenafisco","tag-frente","tag-parlamentar","tag-pec-2872016","tag-reforma-da-previdencia","tag-resistencia","tag-senado","tag-sindicais"],"_links":{"self":[{"href":"https:\/\/blogs.correiobraziliense.com.br\/servidor\/wp-json\/wp\/v2\/posts\/8161","targetHints":{"allow":["GET"]}}],"collection":[{"href":"https:\/\/blogs.correiobraziliense.com.br\/servidor\/wp-json\/wp\/v2\/posts"}],"about":[{"href":"https:\/\/blogs.correiobraziliense.com.br\/servidor\/wp-json\/wp\/v2\/types\/post"}],"author":[{"embeddable":true,"href":"https:\/\/blogs.correiobraziliense.com.br\/servidor\/wp-json\/wp\/v2\/users\/27"}],"replies":[{"embeddable":true,"href":"https:\/\/blogs.correiobraziliense.com.br\/servidor\/wp-json\/wp\/v2\/comments?post=8161"}],"version-history":[{"count":2,"href":"https:\/\/blogs.correiobraziliense.com.br\/servidor\/wp-json\/wp\/v2\/posts\/8161\/revisions"}],"predecessor-version":[{"id":8163,"href":"https:\/\/blogs.correiobraziliense.com.br\/servidor\/wp-json\/wp\/v2\/posts\/8161\/revisions\/8163"}],"wp:attachment":[{"href":"https:\/\/blogs.correiobraziliense.com.br\/servidor\/wp-json\/wp\/v2\/media?parent=8161"}],"wp:term":[{"taxonomy":"category","embeddable":true,"href":"https:\/\/blogs.correiobraziliense.com.br\/servidor\/wp-json\/wp\/v2\/categories?post=8161"},{"taxonomy":"post_tag","embeddable":true,"href":"https:\/\/blogs.correiobraziliense.com.br\/servidor\/wp-json\/wp\/v2\/tags?post=8161"}],"curies":[{"name":"wp","href":"https:\/\/api.w.org\/{rel}","templated":true}]}}