{"id":8157,"date":"2018-02-08T12:13:24","date_gmt":"2018-02-08T14:13:24","guid":{"rendered":"https:\/\/blogs.correiobraziliense.com.br\/servidor\/?p=8157"},"modified":"2018-02-08T12:13:24","modified_gmt":"2018-02-08T14:13:24","slug":"nota-do-psol-sobre-reuniao-entre-partidos-de-oposicao-que-debateu-unidade-contra-reforma-da-previdencia","status":"publish","type":"post","link":"https:\/\/blogs.correiobraziliense.com.br\/servidor\/nota-do-psol-sobre-reuniao-entre-partidos-de-oposicao-que-debateu-unidade-contra-reforma-da-previdencia\/","title":{"rendered":"Nota do PSOL sobre reuni\u00e3o entre partidos de oposi\u00e7\u00e3o, que debateu unidade contra a reforma da Previd\u00eancia"},"content":{"rendered":"<p><em>PSOL explica o objetivo da reuni\u00e3o de ontem, na sede do PDT, em Bras\u00edlia, e divulga sua inten\u00e7\u00e3o em lan\u00e7ar candidatura pr\u00f3pria para a Presid\u00eancia da Rep\u00fablica.<\/em><\/p>\n<p>Veja a nota:<\/p>\n<p>&#8220;O Partido Socialismo e Liberdade (PSOL) esclarece que a reuni\u00e3o realizada na manh\u00e3 desta quarta-feira (07), na sede do PDT, em Bras\u00edlia, entre dirigentes de partidos de oposi\u00e7\u00e3o, teve como tema central a conjuntura pol\u00edtica do pa\u00eds e a unidade, no Parlamento, para derrotar a reforma da Previd\u00eancia, prevista para ser votada, na C\u00e2mara, ainda em fevereiro. Diferentemente do que afirmaram alguns jornais, os debates do encontro n\u00e3o giraram em torno de uma alian\u00e7a entre os partidos para as elei\u00e7\u00f5es presidenciais deste ano e nem de uma frente em defesa do ex-presidente Lula.<\/p>\n<p>O presidente nacional do PSOL, Juliano Medeiros, explica que os partidos se comprometeram a atuar num esfor\u00e7o conjunto para garantir a unidade em defesa da democracia e dos diretos dos trabalhadores. O objetivo, segundo ele, \u00e9 derrotar a agenda de retrocessos defendida pelo presidente Michel Temer e demais pautas conservadoras.<\/p>\n<p>Medeiros reafirma, ainda, que o partido ter\u00e1 candidatura pr\u00f3pria na disputa pela Presid\u00eancia da Rep\u00fablica, cujo nome ser\u00e1 definido em confer\u00eancia eleitoral no dia 11 de mar\u00e7o. \u201cO PSOL ter\u00e1 candidato pr\u00f3prio e, portanto, n\u00e3o apresentamos, na reuni\u00e3o, nenhuma perspectiva de alian\u00e7a eleitoral com os partidos presentes. O que discutimos foi a nossa unidade para barrar a reforma da Previd\u00eancia e outros projetos que amea\u00e7am direitos da popula\u00e7\u00e3o brasileira\u201d.<\/p>\n","protected":false},"excerpt":{"rendered":"<p>PSOL explica o objetivo da reuni\u00e3o de ontem, na sede do PDT, em Bras\u00edlia, e divulga sua inten\u00e7\u00e3o em lan\u00e7ar candidatura pr\u00f3pria para a Presid\u00eancia da Rep\u00fablica. Veja a nota: &#8220;O Partido Socialismo e Liberdade (PSOL) esclarece que a reuni\u00e3o realizada na manh\u00e3 desta quarta-feira (07), na sede do PDT, em Bras\u00edlia, entre dirigentes de partidos de oposi\u00e7\u00e3o, teve como [&hellip;]<\/p>\n","protected":false},"author":27,"featured_media":0,"comment_status":"open","ping_status":"closed","sticky":false,"template":"","format":"standard","meta":{"footnotes":""},"categories":[2719],"tags":[3899,61,11083,5071,1201,4053,619,2021,1106,3424,3335,10998,765,9069,3701,9727,293,19,2906,1498],"class_list":["post-8157","post","type-post","status-publish","format-standard","hentry","category-servidor","tag-alianca","tag-camara","tag-candidatura","tag-debates","tag-defesa","tag-democracia","tag-direitos","tag-eleicoes","tag-ex-presidente","tag-oposicao","tag-partidos","tag-pdt","tag-presidencia-da-republica","tag-propria","tag-psol","tag-reforma-da-previdencia","tag-reuniao","tag-trabalhadores","tag-unidade","tag-votacao"],"_links":{"self":[{"href":"https:\/\/blogs.correiobraziliense.com.br\/servidor\/wp-json\/wp\/v2\/posts\/8157","targetHints":{"allow":["GET"]}}],"collection":[{"href":"https:\/\/blogs.correiobraziliense.com.br\/servidor\/wp-json\/wp\/v2\/posts"}],"about":[{"href":"https:\/\/blogs.correiobraziliense.com.br\/servidor\/wp-json\/wp\/v2\/types\/post"}],"author":[{"embeddable":true,"href":"https:\/\/blogs.correiobraziliense.com.br\/servidor\/wp-json\/wp\/v2\/users\/27"}],"replies":[{"embeddable":true,"href":"https:\/\/blogs.correiobraziliense.com.br\/servidor\/wp-json\/wp\/v2\/comments?post=8157"}],"version-history":[{"count":1,"href":"https:\/\/blogs.correiobraziliense.com.br\/servidor\/wp-json\/wp\/v2\/posts\/8157\/revisions"}],"predecessor-version":[{"id":8158,"href":"https:\/\/blogs.correiobraziliense.com.br\/servidor\/wp-json\/wp\/v2\/posts\/8157\/revisions\/8158"}],"wp:attachment":[{"href":"https:\/\/blogs.correiobraziliense.com.br\/servidor\/wp-json\/wp\/v2\/media?parent=8157"}],"wp:term":[{"taxonomy":"category","embeddable":true,"href":"https:\/\/blogs.correiobraziliense.com.br\/servidor\/wp-json\/wp\/v2\/categories?post=8157"},{"taxonomy":"post_tag","embeddable":true,"href":"https:\/\/blogs.correiobraziliense.com.br\/servidor\/wp-json\/wp\/v2\/tags?post=8157"}],"curies":[{"name":"wp","href":"https:\/\/api.w.org\/{rel}","templated":true}]}}