{"id":8146,"date":"2018-02-07T19:21:29","date_gmt":"2018-02-07T21:21:29","guid":{"rendered":"https:\/\/blogs.correiobraziliense.com.br\/servidor\/?p=8146"},"modified":"2018-02-07T19:37:29","modified_gmt":"2018-02-07T21:37:29","slug":"stf-garante-pagamento-do-bonus-de-eficiencia-e-produtividade-aos-auditores-da-receita-federal","status":"publish","type":"post","link":"https:\/\/blogs.correiobraziliense.com.br\/servidor\/stf-garante-pagamento-do-bonus-de-eficiencia-e-produtividade-aos-auditores-da-receita-federal\/","title":{"rendered":"STF garante pagamento do b\u00f4nus de efici\u00eancia e produtividade aos auditores da Receita Federal"},"content":{"rendered":"<p><em>Em decis\u00e3o liminar, o Supremo Tribunal Federal (STF) deferiu, nesta ter\u00e7a-feira (6\/2), pedido da Associa\u00e7\u00e3o Nacional do Auditores Fiscais da Receita Federal (Anfip), ato do Tribunal de Contas da Uni\u00e3o (TCU) que questiona e determina a suspens\u00e3o de pagamento do b\u00f4nus de efici\u00eancia e produtividade por falta de incid\u00eancia de contribui\u00e7\u00e3o previdenci\u00e1ria<\/em><\/p>\n<p>A decis\u00e3o se aplica-se unicamente aos associados da Anfip e entra em vigor na data de sua publica\u00e7\u00e3o. Os autos foram encaminhados para a Procuradoria-Geral da Rep\u00fablica para emiss\u00e3o de parecer. Mas Unafisco e Sindifisco tamb\u00e9m tiveram sucesso em seus processos judiciais.<\/p>\n<p>Para garantir o pagamento do b\u00f4nus aos servidores, no dia 22 de janeiro, a Anfip impetrou mandado de seguran\u00e7a no STF, que culminou na decis\u00e3o liminar desta ter\u00e7a (6\/2). A entidade tamb\u00e9m entregou, em 19 de janeiro, sugest\u00e3o de minuta para Projeto de Lei sobre a incid\u00eancia da contribui\u00e7\u00e3o previdenci\u00e1ria no b\u00f4nus no Minist\u00e9rio do Planejamento, na Casa Civil, no Minist\u00e9rio da Fazenda e na Receita Federal.<\/p>\n<p><strong>Unafisco<\/strong><\/p>\n<p>De acordo com a Associa\u00e7\u00e3o Nacional dos Auditores Fiscais da Receita Federal do Brasil (Unafisco Nacional), o ministro relator Alexandre de Moraes, do STF, deferiu hoje o pedido de liminar para evitar que o TCU determinasse o corte do pagamento do b\u00f4nus de efici\u00eancia e produtividade aos aposentados e pensionistas. O referido b\u00f4nus foi institu\u00eddo pela Lei 13.464\/2017.<\/p>\n<p>A Unafisco Nacional garante que foi a primeira entidade de classe dos auditores a ingressar com mandado de seguran\u00e7a no STF para essa finalidade, em 19 de janeiro deste ano, ainda durante o recesso forense.<\/p>\n<p><strong>Hist\u00f3rico<\/strong><\/p>\n<p>Em agosto de 2017, o TCU determinou o corte do pagamento aos aposentados, por entender que seria inconstitucional pela n\u00e3o incid\u00eancia da contribui\u00e7\u00e3o previdenci\u00e1ria. Mas, ao julgar o recurso, reformou a decis\u00e3o com a ressalva de sua atribui\u00e7\u00e3o para verificar a validade do pagamento, na an\u00e1lise de casos concretos. Em raz\u00e3o disso, o TCU come\u00e7ou a notificar, nos processos de registro e homologa\u00e7\u00e3o de aposentadorias e pens\u00f5es, os interessados para apresentar esclarecimentos a respeito de seus proventos, diante do recebimento do b\u00f4nus.<\/p>\n<p>No m\u00eas de dezembro de2017 foram publicados no DOU diversas decis\u00f5es do TCU, na homologa\u00e7\u00e3o de aposentadorias, determinando o corte do pagamento do b\u00f4nus, em diversas regi\u00f5es do Pa\u00eds.<\/p>\n<p>&#8220;Felizmente, com essa liminar, n\u00e3o apenas esses auditores aposentados ficam protegidos, mas o TCU est\u00e1 impedido de afastar o pagamento do b\u00f4nus de todos os aposentados associados da Unafisco Nacional&#8221;, informa a nota.<\/p>\n<p>&nbsp;<\/p>\n","protected":false},"excerpt":{"rendered":"<p>Em decis\u00e3o liminar, o Supremo Tribunal Federal (STF) deferiu, nesta ter\u00e7a-feira (6\/2), pedido da Associa\u00e7\u00e3o Nacional do Auditores Fiscais da Receita Federal (Anfip), ato do Tribunal de Contas da Uni\u00e3o (TCU) que questiona e determina a suspens\u00e3o de pagamento do b\u00f4nus de efici\u00eancia e produtividade por falta de incid\u00eancia de contribui\u00e7\u00e3o previdenci\u00e1ria A decis\u00e3o se aplica-se unicamente aos associados da [&hellip;]<\/p>\n","protected":false},"author":27,"featured_media":0,"comment_status":"open","ping_status":"closed","sticky":false,"template":"","format":"standard","meta":{"footnotes":""},"categories":[2719],"tags":[4960,345,979,11073,131,258,1859,1769,312,321,578,446,291,11078,151,198,1069,11076,548,132,4081,11074,34,11075,3823,11077],"class_list":["post-8146","post","type-post","status-publish","format-standard","hentry","category-servidor","tag-alexandre-de-moraes","tag-aposentados","tag-associados","tag-bonus-de-eficiencia-e-produtividade","tag-contribuicao","tag-corte","tag-decide","tag-dou","tag-emissao","tag-esclarecimentos","tag-garante","tag-incidencia","tag-inconstitucional","tag-notificar","tag-pagamento","tag-pais","tag-parecer","tag-penscionistas","tag-pgr","tag-previdenciaria","tag-proventos","tag-sindifiscvo","tag-stf","tag-suspensao-pagamento","tag-unafisco","tag-validde"],"_links":{"self":[{"href":"https:\/\/blogs.correiobraziliense.com.br\/servidor\/wp-json\/wp\/v2\/posts\/8146","targetHints":{"allow":["GET"]}}],"collection":[{"href":"https:\/\/blogs.correiobraziliense.com.br\/servidor\/wp-json\/wp\/v2\/posts"}],"about":[{"href":"https:\/\/blogs.correiobraziliense.com.br\/servidor\/wp-json\/wp\/v2\/types\/post"}],"author":[{"embeddable":true,"href":"https:\/\/blogs.correiobraziliense.com.br\/servidor\/wp-json\/wp\/v2\/users\/27"}],"replies":[{"embeddable":true,"href":"https:\/\/blogs.correiobraziliense.com.br\/servidor\/wp-json\/wp\/v2\/comments?post=8146"}],"version-history":[{"count":5,"href":"https:\/\/blogs.correiobraziliense.com.br\/servidor\/wp-json\/wp\/v2\/posts\/8146\/revisions"}],"predecessor-version":[{"id":8151,"href":"https:\/\/blogs.correiobraziliense.com.br\/servidor\/wp-json\/wp\/v2\/posts\/8146\/revisions\/8151"}],"wp:attachment":[{"href":"https:\/\/blogs.correiobraziliense.com.br\/servidor\/wp-json\/wp\/v2\/media?parent=8146"}],"wp:term":[{"taxonomy":"category","embeddable":true,"href":"https:\/\/blogs.correiobraziliense.com.br\/servidor\/wp-json\/wp\/v2\/categories?post=8146"},{"taxonomy":"post_tag","embeddable":true,"href":"https:\/\/blogs.correiobraziliense.com.br\/servidor\/wp-json\/wp\/v2\/tags?post=8146"}],"curies":[{"name":"wp","href":"https:\/\/api.w.org\/{rel}","templated":true}]}}