{"id":8133,"date":"2018-02-07T16:37:16","date_gmt":"2018-02-07T18:37:16","guid":{"rendered":"https:\/\/blogs.correiobraziliense.com.br\/servidor\/?p=8133"},"modified":"2018-02-07T18:04:28","modified_gmt":"2018-02-07T20:04:28","slug":"auxilio-alimentacao-de-r-910-para-servidores-do-stf","status":"publish","type":"post","link":"https:\/\/blogs.correiobraziliense.com.br\/servidor\/auxilio-alimentacao-de-r-910-para-servidores-do-stf\/","title":{"rendered":"Aux\u00edlio-alimenta\u00e7\u00e3o de R$ 910 para servidores do STF"},"content":{"rendered":"<p><em>O valor foi reajustado ontem pela Portaria 21, do diretor-geral da Secretaria do Supremo Tribunal Federal<\/em><\/p>\n<p><em><img loading=\"lazy\" decoding=\"async\" class=\"size-full wp-image-8141 aligncenter\" src=\"https:\/\/blogs.correiobraziliense.com.br\/servidor\/wp-content\/uploads\/sites\/10\/2018\/02\/STF-auxilio-alimentacao.jpeg\" alt=\"STF auxilio alimentacao\" width=\"628\" height=\"540\" srcset=\"https:\/\/blogs.correiobraziliense.com.br\/servidor\/wp-content\/uploads\/sites\/10\/2018\/02\/STF-auxilio-alimentacao.jpeg 628w, https:\/\/blogs.correiobraziliense.com.br\/servidor\/wp-content\/uploads\/sites\/10\/2018\/02\/STF-auxilio-alimentacao-300x258.jpeg 300w, https:\/\/blogs.correiobraziliense.com.br\/servidor\/wp-content\/uploads\/sites\/10\/2018\/02\/STF-auxilio-alimentacao-350x301.jpeg 350w, https:\/\/blogs.correiobraziliense.com.br\/servidor\/wp-content\/uploads\/sites\/10\/2018\/02\/STF-auxilio-alimentacao-550x473.jpeg 550w, https:\/\/blogs.correiobraziliense.com.br\/servidor\/wp-content\/uploads\/sites\/10\/2018\/02\/STF-auxilio-alimentacao-230x198.jpeg 230w\" sizes=\"auto, (max-width: 628px) 100vw, 628px\" \/><\/em><\/p>\n<p>&nbsp;<\/p>\n<p>Essa n\u00e3o \u00e9 a primeira vez que o \u00f3rg\u00e3o toma atitude semelhante e eleva o valor do benef\u00edcio somente para seus servidores. Em 2015, a medida causou indigna\u00e7\u00e3o nos demais funcion\u00e1rios do Poder Judici\u00e1rio. \u00c0 \u00e9poca, a quantia tinha sido atualizada para R$ 799.<\/p>\n<p>A Federa\u00e7\u00e3o Nacional dos Servidores do Poder Judici\u00e1rio (Fenajufe) fez um pedido administrativo para a corre\u00e7\u00e3o, pelo IPCA do IBGE, dos benef\u00edcios aos tribunais, conselhos superiores e ao MPU, n\u00e3o somente do aux\u00edlio-alimenta\u00e7\u00e3o, mas tamb\u00e9m do pr\u00e9-escolar.<\/p>\n<p>Importante lembrar que o Tribunal de Contas do DF (TCDF) revogou o reajuste autom\u00e1tico do aux\u00edlio-alimenta\u00e7\u00e3o aos seus 618 servidores, na \u00faltima segunda-feira (15\/1) porque a corre\u00e7\u00e3o autom\u00e1tica foi considerada inconstitucional e custaria R$ 15.715,74, conforme informou o Blog CB.Poder.<\/p>\n","protected":false},"excerpt":{"rendered":"<p>O valor foi reajustado ontem pela Portaria 21, do diretor-geral da Secretaria do Supremo Tribunal Federal &nbsp; Essa n\u00e3o \u00e9 a primeira vez que o \u00f3rg\u00e3o toma atitude semelhante e eleva o valor do benef\u00edcio somente para seus servidores. Em 2015, a medida causou indigna\u00e7\u00e3o nos demais funcion\u00e1rios do Poder Judici\u00e1rio. \u00c0 \u00e9poca, a quantia tinha sido atualizada para R$ [&hellip;]<\/p>\n","protected":false},"author":27,"featured_media":0,"comment_status":"open","ping_status":"closed","sticky":false,"template":"","format":"standard","meta":{"footnotes":""},"categories":[2719],"tags":[11072,5006,5373,63,2082,58,34,8369],"class_list":["post-8133","post","type-post","status-publish","format-standard","hentry","category-servidor","tag-auxilio-alimentacao","tag-diretor-geral","tag-fenajufe","tag-reajuste","tag-secretaria","tag-servidores","tag-stf","tag-supremo-tribunal-federal"],"_links":{"self":[{"href":"https:\/\/blogs.correiobraziliense.com.br\/servidor\/wp-json\/wp\/v2\/posts\/8133","targetHints":{"allow":["GET"]}}],"collection":[{"href":"https:\/\/blogs.correiobraziliense.com.br\/servidor\/wp-json\/wp\/v2\/posts"}],"about":[{"href":"https:\/\/blogs.correiobraziliense.com.br\/servidor\/wp-json\/wp\/v2\/types\/post"}],"author":[{"embeddable":true,"href":"https:\/\/blogs.correiobraziliense.com.br\/servidor\/wp-json\/wp\/v2\/users\/27"}],"replies":[{"embeddable":true,"href":"https:\/\/blogs.correiobraziliense.com.br\/servidor\/wp-json\/wp\/v2\/comments?post=8133"}],"version-history":[{"count":9,"href":"https:\/\/blogs.correiobraziliense.com.br\/servidor\/wp-json\/wp\/v2\/posts\/8133\/revisions"}],"predecessor-version":[{"id":8145,"href":"https:\/\/blogs.correiobraziliense.com.br\/servidor\/wp-json\/wp\/v2\/posts\/8133\/revisions\/8145"}],"wp:attachment":[{"href":"https:\/\/blogs.correiobraziliense.com.br\/servidor\/wp-json\/wp\/v2\/media?parent=8133"}],"wp:term":[{"taxonomy":"category","embeddable":true,"href":"https:\/\/blogs.correiobraziliense.com.br\/servidor\/wp-json\/wp\/v2\/categories?post=8133"},{"taxonomy":"post_tag","embeddable":true,"href":"https:\/\/blogs.correiobraziliense.com.br\/servidor\/wp-json\/wp\/v2\/tags?post=8133"}],"curies":[{"name":"wp","href":"https:\/\/api.w.org\/{rel}","templated":true}]}}