{"id":8129,"date":"2018-02-07T14:26:37","date_gmt":"2018-02-07T16:26:37","guid":{"rendered":"https:\/\/blogs.correiobraziliense.com.br\/servidor\/?p=8129"},"modified":"2018-02-07T14:26:37","modified_gmt":"2018-02-07T16:26:37","slug":"governo-federal-veda-passagens-na-classe-executiva-e-primeira-classe-em-viagens-servico","status":"publish","type":"post","link":"https:\/\/blogs.correiobraziliense.com.br\/servidor\/governo-federal-veda-passagens-na-classe-executiva-e-primeira-classe-em-viagens-servico\/","title":{"rendered":"Governo federal veda passagens na classe executiva e primeira classe em viagens a servi\u00e7o"},"content":{"rendered":"<p><em>A nova regra valer\u00e1 para viagens nacionais e internacionais, por interesse da administra\u00e7\u00e3o p\u00fablica federal, para servidores, incluindo autoridades, de acordo com o Minist\u00e9rio do Planejamento<br \/>\n<\/em><\/p>\n<div>Nesta quarta-feira (7) foi publicado o <strong><a href=\"http:\/\/pesquisa.in.gov.br\/imprensa\/jsp\/visualiza\/index.jsp?data=07\/02\/2018&amp;jornal=515&amp;pagina=3&amp;totalArquivos=62\" target=\"_blank\">Decreto n\u00ba 9.280\/2018<\/a><\/strong>, que determina que todos os servidores p\u00fablicos federais \u2013 incluindo autoridades \u2013 somente viajar\u00e3o a servi\u00e7o em voos da classe econ\u00f4mica. O normativo altera a Lei n\u00ba 5.809\/1972, regulamentada pelo Decreto n\u00ba 8.541\/2015. A proposta, assinada pelo presidente Michel Temer, foi uma iniciativa do Minist\u00e9rio do Planejamento, Desenvolvimento e Gest\u00e3o (MP).<\/div>\n<div><\/div>\n<div>\u201cA medida comprova o empenho conjunto e o firme prop\u00f3sito do governo federal em promover a racionaliza\u00e7\u00e3o do gasto p\u00fablico, em meio \u00e0 crise fiscal que o Brasil enfrenta\u201d, destaca o ministro do MP, Dyogo Oliveira.<\/div>\n<div><\/div>\n<div>Antes do novo Decreto, ministros e ocupantes de cargos de natureza especial do Executivo Federal, comandantes e o chefe do Estado-Maior das For\u00e7as Armadas podiam viajar de classe executiva em voos internacionais; j\u00e1 o presidente da Rep\u00fablica e o vice podiam voar na primeira classe.<\/div>\n<div><\/div>\n<div>A nova regra valer\u00e1 para viagens por interesse da administra\u00e7\u00e3o p\u00fablica federal, tanto em \u00e2mbito nacional quanto internacional. O secret\u00e1rio de Gest\u00e3o do Planejamento (Seges\/MP), Gleisson Rubin, explica que a efici\u00eancia do gasto p\u00fablico \u00e9 um objetivo permanente na agenda do governo. \u201cComo diretriz do Minist\u00e9rio do Planejamento, trata-se de mais uma medida resultante de estudos promovidos pela Seges, no sentido de modernizar pr\u00e1ticas de gest\u00e3o, que podem ser revistas para que se obtenha um Estado mais eficiente e transparente, de modo a alcan\u00e7ar maior racionalidade no uso dos recursos p\u00fablicos\u201d, conclui.<\/div>\n<div><\/div>\n","protected":false},"excerpt":{"rendered":"<p>A nova regra valer\u00e1 para viagens nacionais e internacionais, por interesse da administra\u00e7\u00e3o p\u00fablica federal, para servidores, incluindo autoridades, de acordo com o Minist\u00e9rio do Planejamento Nesta quarta-feira (7) foi publicado o Decreto n\u00ba 9.280\/2018, que determina que todos os servidores p\u00fablicos federais \u2013 incluindo autoridades \u2013 somente viajar\u00e3o a servi\u00e7o em voos da classe econ\u00f4mica. O normativo altera a [&hellip;]<\/p>\n","protected":false},"author":27,"featured_media":0,"comment_status":"open","ping_status":"closed","sticky":false,"template":"","format":"standard","meta":{"footnotes":""},"categories":[2719],"tags":[1935,791,8052,1005,11060,366,11064,11063,367,1202,11061,109,9,124,67,11062,1635,98,1232,141,200,3258,1393,1555,241,7776,361,212,2822,9192,10975],"class_list":["post-8129","post","type-post","status-publish","format-standard","hentry","category-servidor","tag-autoridades","tag-cargos","tag-chefe","tag-classe","tag-comandantes","tag-crise","tag-decreto-no-9-2802018","tag-domesticos","tag-economica","tag-especial","tag-estado-maior","tag-executiva","tag-executivo","tag-federal","tag-fiscal","tag-forcas-ammadas","tag-gasto","tag-governo","tag-internacionais","tag-ministerio-do-planejamento","tag-nacionais","tag-natureza","tag-passagens","tag-primeira","tag-publico","tag-racionalizacao","tag-regra","tag-servico","tag-viagens","tag-viajar","tag-voos"],"_links":{"self":[{"href":"https:\/\/blogs.correiobraziliense.com.br\/servidor\/wp-json\/wp\/v2\/posts\/8129","targetHints":{"allow":["GET"]}}],"collection":[{"href":"https:\/\/blogs.correiobraziliense.com.br\/servidor\/wp-json\/wp\/v2\/posts"}],"about":[{"href":"https:\/\/blogs.correiobraziliense.com.br\/servidor\/wp-json\/wp\/v2\/types\/post"}],"author":[{"embeddable":true,"href":"https:\/\/blogs.correiobraziliense.com.br\/servidor\/wp-json\/wp\/v2\/users\/27"}],"replies":[{"embeddable":true,"href":"https:\/\/blogs.correiobraziliense.com.br\/servidor\/wp-json\/wp\/v2\/comments?post=8129"}],"version-history":[{"count":1,"href":"https:\/\/blogs.correiobraziliense.com.br\/servidor\/wp-json\/wp\/v2\/posts\/8129\/revisions"}],"predecessor-version":[{"id":8130,"href":"https:\/\/blogs.correiobraziliense.com.br\/servidor\/wp-json\/wp\/v2\/posts\/8129\/revisions\/8130"}],"wp:attachment":[{"href":"https:\/\/blogs.correiobraziliense.com.br\/servidor\/wp-json\/wp\/v2\/media?parent=8129"}],"wp:term":[{"taxonomy":"category","embeddable":true,"href":"https:\/\/blogs.correiobraziliense.com.br\/servidor\/wp-json\/wp\/v2\/categories?post=8129"},{"taxonomy":"post_tag","embeddable":true,"href":"https:\/\/blogs.correiobraziliense.com.br\/servidor\/wp-json\/wp\/v2\/tags?post=8129"}],"curies":[{"name":"wp","href":"https:\/\/api.w.org\/{rel}","templated":true}]}}