{"id":8111,"date":"2018-02-05T18:53:31","date_gmt":"2018-02-05T20:53:31","guid":{"rendered":"https:\/\/blogs.correiobraziliense.com.br\/servidor\/?p=8111"},"modified":"2018-02-05T18:53:31","modified_gmt":"2018-02-05T20:53:31","slug":"trabalhadores-resgatados-darao-vozes-escravidao-em-evento-nesta-terca-feira-6-de-fevereiro","status":"publish","type":"post","link":"https:\/\/blogs.correiobraziliense.com.br\/servidor\/trabalhadores-resgatados-darao-vozes-escravidao-em-evento-nesta-terca-feira-6-de-fevereiro\/","title":{"rendered":"Trabalhadores resgatados dar\u00e3o vozes \u00e0 escravid\u00e3o em evento nesta ter\u00e7a-feira, 6 de fevereiro"},"content":{"rendered":"<p><em>O Sindicato Nacional dos Auditores-Fiscais do Trabalho (Sinait) \u00e9 o respons\u00e1vel por levar tr\u00eas trabalhadores resgatados do trabalho escravo para dar depoimentos sobre sua experi\u00eancia de vida\u00a0<\/em><\/p>\n<p>O Sinait participa nesta ter\u00e7a-feira, 6 de fevereiro, do evento Vozes da Escravid\u00e3o Contempor\u00e2nea: correntes invis\u00edveis, marcas evidentes, promovido pela Comiss\u00e3o Nacional para Erradica\u00e7\u00e3o do Trabalho Escravo (Conatrae) e pelo Minist\u00e9rio P\u00fablico Federal (MPF), em Bras\u00edlia. A atividade integra a Semana Nacional de Combate ao Trabalho Escravo, que tem como ponto central o dia 28 de janeiro, Dia Nacional de Combate ao Trabalho Escravo e Dia do Auditor-Fiscal do Trabalho.<\/p>\n<p>As datas foram institu\u00eddas em mem\u00f3ria dos auditores-fiscais do Trabalho Erat\u00f3stenes de Almeida Gonsalves, Jo\u00e3o Batista Soares Lage e Nelson Jos\u00e9 da Silva, e do motorista Ailton Pereira de Oliveira, v\u00edtimas da Chacina de Una\u00ed, ocorrida em 28 de janeiro de 2004. A impunidade dos crimes de submeter pessoas ao trabalho escravo ser\u00e1 tema do painel de abertura, do qual participam o presidente do Sinait, Carlos Silva, a procuradora-geral da Rep\u00fablica, Raquel Dodge, e o coordenador da Conatrae, Jo\u00e3o Francisco Ara\u00fajo Maria.<\/p>\n<p>Os trabalhadores Ismauir de Sousa Silva, Jo\u00e3o Batista da Cunha e Kleyne Aparecida Batista, resgatados da escravid\u00e3o, ser\u00e3o entrevistados em seguida, pelo jornalista Leonardo Sakamoto, presidente da ONG Rep\u00f3rter Brasil. Eles representar\u00e3o as milhares de pessoas que, ainda hoje, vivem em situa\u00e7\u00f5es an\u00e1logas \u00e0s de escravos. Contar\u00e3o um pouco da sua trajet\u00f3ria, como viviam, como sa\u00edram dessa situa\u00e7\u00e3o e como est\u00e3o hoje. O Sinait est\u00e1 respons\u00e1vel pela ida dos trabalhadores ao evento.<\/p>\n<p>O evento ser\u00e1 no Memorial do MPF \u2013 SAF Sul, Quadra 4, Conjunto C, Bloco B, Cobertura, a partir das 14h30.<\/p>\n<p><a href=\"http:\/\/sinait.enviodecampanhas.net\/registra_clique.php?id=H%7C880038%7C271199%7C20310&amp;url=http%3A%2F%2Fwww.mpf.mp.br%2Fpgr%2Fdocumentos%2FVozesdaEscravidao_Programacao.pdf\">Veja aqui a programa\u00e7\u00e3o completa<\/a>.<\/p>\n<p>*Com informa\u00e7\u00f5es do MPF.<\/p>\n","protected":false},"excerpt":{"rendered":"<p>O Sindicato Nacional dos Auditores-Fiscais do Trabalho (Sinait) \u00e9 o respons\u00e1vel por levar tr\u00eas trabalhadores resgatados do trabalho escravo para dar depoimentos sobre sua experi\u00eancia de vida\u00a0 O Sinait participa nesta ter\u00e7a-feira, 6 de fevereiro, do evento Vozes da Escravid\u00e3o Contempor\u00e2nea: correntes invis\u00edveis, marcas evidentes, promovido pela Comiss\u00e3o Nacional para Erradica\u00e7\u00e3o do Trabalho Escravo (Conatrae) e pelo Minist\u00e9rio P\u00fablico Federal [&hellip;]<\/p>\n","protected":false},"author":27,"featured_media":0,"comment_status":"open","ping_status":"closed","sticky":false,"template":"","format":"standard","meta":{"footnotes":""},"categories":[2719],"tags":[9350,10165,11038,1642,1027,2527,4691,5183,1650,11039,2911,453,9291,905,5551,19,4360,11037],"class_list":["post-8111","post","type-post","status-publish","format-standard","hentry","category-servidor","tag-analogas","tag-conatrae","tag-correntes","tag-crimes","tag-depoimentos","tag-entrevistados","tag-escravidao","tag-experiencia","tag-impunidade","tag-invisiveis","tag-marcas","tag-mpf","tag-resgatados","tag-sinait","tag-situacoes","tag-trabalhadores","tag-trajetoria","tag-vozes"],"_links":{"self":[{"href":"https:\/\/blogs.correiobraziliense.com.br\/servidor\/wp-json\/wp\/v2\/posts\/8111","targetHints":{"allow":["GET"]}}],"collection":[{"href":"https:\/\/blogs.correiobraziliense.com.br\/servidor\/wp-json\/wp\/v2\/posts"}],"about":[{"href":"https:\/\/blogs.correiobraziliense.com.br\/servidor\/wp-json\/wp\/v2\/types\/post"}],"author":[{"embeddable":true,"href":"https:\/\/blogs.correiobraziliense.com.br\/servidor\/wp-json\/wp\/v2\/users\/27"}],"replies":[{"embeddable":true,"href":"https:\/\/blogs.correiobraziliense.com.br\/servidor\/wp-json\/wp\/v2\/comments?post=8111"}],"version-history":[{"count":1,"href":"https:\/\/blogs.correiobraziliense.com.br\/servidor\/wp-json\/wp\/v2\/posts\/8111\/revisions"}],"predecessor-version":[{"id":8112,"href":"https:\/\/blogs.correiobraziliense.com.br\/servidor\/wp-json\/wp\/v2\/posts\/8111\/revisions\/8112"}],"wp:attachment":[{"href":"https:\/\/blogs.correiobraziliense.com.br\/servidor\/wp-json\/wp\/v2\/media?parent=8111"}],"wp:term":[{"taxonomy":"category","embeddable":true,"href":"https:\/\/blogs.correiobraziliense.com.br\/servidor\/wp-json\/wp\/v2\/categories?post=8111"},{"taxonomy":"post_tag","embeddable":true,"href":"https:\/\/blogs.correiobraziliense.com.br\/servidor\/wp-json\/wp\/v2\/tags?post=8111"}],"curies":[{"name":"wp","href":"https:\/\/api.w.org\/{rel}","templated":true}]}}