{"id":8109,"date":"2018-02-05T18:00:53","date_gmt":"2018-02-05T20:00:53","guid":{"rendered":"https:\/\/blogs.correiobraziliense.com.br\/servidor\/?p=8109"},"modified":"2018-02-05T18:00:53","modified_gmt":"2018-02-05T20:00:53","slug":"sindifisco-chefias-das-rfs-da-receita-nao-vao-cadastrar-metas-de-fiscalizacao-do-ano","status":"publish","type":"post","link":"https:\/\/blogs.correiobraziliense.com.br\/servidor\/sindifisco-chefias-das-rfs-da-receita-nao-vao-cadastrar-metas-de-fiscalizacao-do-ano\/","title":{"rendered":"Sindifisco &#8211; Chefias das RFs da Receita n\u00e3o v\u00e3o cadastrar metas de fiscaliza\u00e7\u00e3o do ano"},"content":{"rendered":"<p><em>Por meio de nota, o Sindicato Nacional dos Auditores-Fiscais da Receita Federal (Sindifisco Nacional) informa que &#8220;n\u00e3o ser\u00e3o cadastradas as metas de fiscaliza\u00e7\u00e3o para 2018&#8221;, que foram determinadas pela Portaria 87\/18 do \u00f3rg\u00e3o, at\u00e9 que seja decidida a progress\u00e3o da carreira e a regulamentado o b\u00f4nus de efici\u00eancia &#8211; um extra nos sal\u00e1rios de R$ 3 mil mensais. De acordo com a entidade, o governo finge &#8220;ignorar a campanha salarial se arrasta h\u00e1 mais de dois anos&#8221;<\/em><\/p>\n<p>Veja a nota:<\/p>\n<p>&#8220;A n\u00e3o regulamenta\u00e7\u00e3o do b\u00f4nus de efici\u00eancia dos auditores-fiscais est\u00e1 paralisando a Receita Federal. Os chefes de Fiscaliza\u00e7\u00e3o das 3\u00aa, 6\u00aa, 7\u00aa, 8\u00aa, 9\u00aa e 10\u00aa Regi\u00f5es Fiscais (RF) avisaram ao comando do \u00f3rg\u00e3o, por meio de manifestos, que n\u00e3o ser\u00e3o cadastradas as metas de fiscaliza\u00e7\u00e3o para 2018. A negativa veio depois da publica\u00e7\u00e3o da Portaria 87\/18, com as determina\u00e7\u00f5es para este ano.<\/p>\n<p>O Sindifisco Nacional e o Comando Nacional de Mobiliza\u00e7\u00e3o (CNM) da categoria entendem que a tentativa de dar um tom de normalidade \u00e0s atividades dentro da RFB, com a edi\u00e7\u00e3o da Portaria, \u00e9 fingir ignorar que a campanha salarial se arrasta h\u00e1 mais de dois anos. Pior, \u00e9 dar a impress\u00e3o que o governo federal respeita o pactuado com os auditores-fiscais, quando, na verdade, deixou de lado a edi\u00e7\u00e3o do decreto para regulamenta\u00e7\u00e3o do b\u00f4nus.<\/p>\n<p>Segundo os manifestos, os auditores tamb\u00e9m n\u00e3o participar\u00e3o \u201cde reuni\u00f5es de planejamento e organiza\u00e7\u00e3o desses trabalhos, at\u00e9 que sejam publicados os decretos de progress\u00e3o e regulamenta\u00e7\u00e3o do b\u00f4nus de efici\u00eancia (&#8230;), conforme acordado e firmado com o governo federal\u201d. A iniciativa dos chefes de Fiscaliza\u00e7\u00e3o segue as orienta\u00e7\u00f5es do CNM e a\u00e7\u00f5es definidas em recente assembleia nacional da categoria.&#8221;<\/p>\n","protected":false},"excerpt":{"rendered":"<p>Por meio de nota, o Sindicato Nacional dos Auditores-Fiscais da Receita Federal (Sindifisco Nacional) informa que &#8220;n\u00e3o ser\u00e3o cadastradas as metas de fiscaliza\u00e7\u00e3o para 2018&#8221;, que foram determinadas pela Portaria 87\/18 do \u00f3rg\u00e3o, at\u00e9 que seja decidida a progress\u00e3o da carreira e a regulamentado o b\u00f4nus de efici\u00eancia &#8211; um extra nos sal\u00e1rios de R$ 3 mil mensais. De acordo [&hellip;]<\/p>\n","protected":false},"author":27,"featured_media":0,"comment_status":"open","ping_status":"closed","sticky":false,"template":"","format":"standard","meta":{"footnotes":""},"categories":[2719],"tags":[648,1468,5151,305,11036,940,2045,2637,3,5951,294,10697,18,597],"class_list":["post-8109","post","type-post","status-publish","format-standard","hentry","category-servidor","tag-auditores-fiscais","tag-bonus-de-eficiencia","tag-cadastrar","tag-campanha","tag-decretos","tag-fiscalizacao","tag-metas","tag-organizacao","tag-planejamento","tag-progressao","tag-receita-federal","tag-reunioes","tag-salarial","tag-sindifisco"],"_links":{"self":[{"href":"https:\/\/blogs.correiobraziliense.com.br\/servidor\/wp-json\/wp\/v2\/posts\/8109","targetHints":{"allow":["GET"]}}],"collection":[{"href":"https:\/\/blogs.correiobraziliense.com.br\/servidor\/wp-json\/wp\/v2\/posts"}],"about":[{"href":"https:\/\/blogs.correiobraziliense.com.br\/servidor\/wp-json\/wp\/v2\/types\/post"}],"author":[{"embeddable":true,"href":"https:\/\/blogs.correiobraziliense.com.br\/servidor\/wp-json\/wp\/v2\/users\/27"}],"replies":[{"embeddable":true,"href":"https:\/\/blogs.correiobraziliense.com.br\/servidor\/wp-json\/wp\/v2\/comments?post=8109"}],"version-history":[{"count":1,"href":"https:\/\/blogs.correiobraziliense.com.br\/servidor\/wp-json\/wp\/v2\/posts\/8109\/revisions"}],"predecessor-version":[{"id":8110,"href":"https:\/\/blogs.correiobraziliense.com.br\/servidor\/wp-json\/wp\/v2\/posts\/8109\/revisions\/8110"}],"wp:attachment":[{"href":"https:\/\/blogs.correiobraziliense.com.br\/servidor\/wp-json\/wp\/v2\/media?parent=8109"}],"wp:term":[{"taxonomy":"category","embeddable":true,"href":"https:\/\/blogs.correiobraziliense.com.br\/servidor\/wp-json\/wp\/v2\/categories?post=8109"},{"taxonomy":"post_tag","embeddable":true,"href":"https:\/\/blogs.correiobraziliense.com.br\/servidor\/wp-json\/wp\/v2\/tags?post=8109"}],"curies":[{"name":"wp","href":"https:\/\/api.w.org\/{rel}","templated":true}]}}