{"id":8107,"date":"2018-02-05T17:51:03","date_gmt":"2018-02-05T19:51:03","guid":{"rendered":"https:\/\/blogs.correiobraziliense.com.br\/servidor\/?p=8107"},"modified":"2018-02-05T17:51:03","modified_gmt":"2018-02-05T19:51:03","slug":"curso-sobre-conflitos-armados-abre-ano-letivo-do-campus-brasilia-da-escola-superior-de-guerra","status":"publish","type":"post","link":"https:\/\/blogs.correiobraziliense.com.br\/servidor\/curso-sobre-conflitos-armados-abre-ano-letivo-do-campus-brasilia-da-escola-superior-de-guerra\/","title":{"rendered":"Curso sobre conflitos armados abre ano letivo do campus Bras\u00edlia da Escola Superior de Guerra"},"content":{"rendered":"<p><em>Como atividades acad\u00eamicas, o campus Bras\u00edlia Escola Superior de Guerra (ESG), do Minist\u00e9rio da Defesa (MD), iniciou, nesta segunda-feira (5), a 7\u00aa edi\u00e7\u00e3o do Curso de Direito Internacional dos Conflitos Armados (CDICA), que vai at\u00e9 mar\u00e7o. Neste ano, o CDICA traz uma inova\u00e7\u00e3o, ao integrar 12 estagi\u00e1rios estrangeiros: dois dos EUA, dois de Portugal, um Cabo Verde, dois da Guin\u00e9 Equatorial, tr\u00eas de Mo\u00e7ambique e dois de Timor Leste<\/em><\/p>\n<p>O curso destina-se a preparar militares e civis para o exerc\u00edcio de fun\u00e7\u00f5es de avalia\u00e7\u00e3o de alto n\u00edvel de ensino e envolvimento relacionado \u00e0s leis dos conflitos armados, tanto no campo do Minist\u00e9rio da Defesa como nos dos mais variados \u00f3rg\u00e3os da administra\u00e7\u00e3o p\u00fablica, de acordo com a ESG.<\/p>\n<p>Neste ano, o CDICA traz uma inova\u00e7\u00e3o ao integrar 12 estagi\u00e1rios estrangeiros: dois dos EUA, dois de Portugal, um Cabo Verde, dois da Guin\u00e9 Equatorial, tr\u00eas de Mo\u00e7ambique e dois de Timor Leste.<\/p>\n<p>O CDICA tem dura\u00e7\u00e3o de cinco semanas e \u00e9 ministrado na modalidade semipresencial, dividido em duas fases: uma primeira edi\u00e7\u00e3o de tr\u00eas semanas na modalidade de Educa\u00e7\u00e3o a Dist\u00e2ncia (EAD), com 45 horas-aula\u00a0 sob tutoria, de 5 de fevereiro a 2 de mar\u00e7o. Nessa fase, o curso conta com a participa\u00e7\u00e3o dos tutores professores Msc Eduardo Bittencourt (Cel EB), prof. dr. Carlos Frederico Cinelli (Cel EB) e prof. Anderson de Melo Reis (CF FN MB). A segunda fase, presencial, com dura\u00e7\u00e3o de duas semanas, com 48 horas-aula, de 5 a 16 de mar\u00e7o.<\/p>\n<p>O curso totaliza 102 horas-aula distribu\u00eddas por cinco disciplinas que articulam e sistematizam os conte\u00fados das \u00e1reas de direito internacional; rela\u00e7\u00f5es internacionais, direito nternacional dos conflitos armados (DICA); institui\u00e7\u00f5es internacionais; seguran\u00e7a e defesa; e Justi\u00e7a Militar da Uni\u00e3o. Como aulas da fase presencial s\u00e3o ministradas sem auditoria do Minist\u00e9rio da Defesa (MD) e na Funda\u00e7\u00e3o Get\u00falio Vargas (FGV).<\/p>\n<p>Na fase presencial, o CDICA contar\u00e1 com palestras ministradas por especialistas do Minist\u00e9rio da Defesa e das For\u00e7as Armadas, do Minist\u00e9rio das Rela\u00e7\u00f5es Exteriores (MRE), do Supremo Tribunal Federal ( STF), do Minist\u00e9rio P\u00fablico Militar ( MPM), do Senado Federal, da Embaixada da Su\u00ed\u00e7a, do Alto Comissariado das Na\u00e7\u00f5es Unidas para Refugiados (ACNUR), dos professores doutores da Universidade de Bras\u00edlia (UnB) e da Universidade Federal de S\u00e3o Paulo ( UNIFESP) e do Comit\u00ea Internacional da Cruz Vermelha (CICV).<\/p>\n<p>Em 2018, o CDICA conta com uma participa\u00e7\u00e3o de 42 estagi\u00e1rios, sendo 23 militares oriundos da administra\u00e7\u00e3o central do MD, dos Comandos da Marinha, Ex\u00e9rcito e da Aeron\u00e1utica; (GPU), na Policia Federal (PF), na Pol\u00edcia Rodovi\u00e1ria Federal (PRF), na Procuradoria de Justi\u00e7a Militar (PJM) e n\u00e3o Superior Tribunal Militar (STM).<\/p>\n<p>O curso, coordenado por Luiz Bonfim (Cel EB R1), conta com uma colabora\u00e7\u00e3o da pedagogia M\u00e1rcia Marques (Ten Cel Aer), e do auxiliar do curso e da Educa\u00e7\u00e3o a Dist\u00e2ncia (EAD) do N\u00facleo Bras\u00edlia, Leandro Quadrat (2S SIN Aer ).<\/p>\n<p>Mais informa\u00e7\u00f5es sobre o CDICA, no site da ESG em <a href=\"http:\/\/www.esg.br\/\">www.esg.br<\/a><\/p>\n","protected":false},"excerpt":{"rendered":"<p>Como atividades acad\u00eamicas, o campus Bras\u00edlia Escola Superior de Guerra (ESG), do Minist\u00e9rio da Defesa (MD), iniciou, nesta segunda-feira (5), a 7\u00aa edi\u00e7\u00e3o do Curso de Direito Internacional dos Conflitos Armados (CDICA), que vai at\u00e9 mar\u00e7o. Neste ano, o CDICA traz uma inova\u00e7\u00e3o, ao integrar 12 estagi\u00e1rios estrangeiros: dois dos EUA, dois de Portugal, um Cabo Verde, dois da Guin\u00e9 [&hellip;]<\/p>\n","protected":false},"author":27,"featured_media":0,"comment_status":"open","ping_status":"closed","sticky":false,"template":"","format":"standard","meta":{"footnotes":""},"categories":[2719],"tags":[2151,639,11026,11027,9416,11031,1035,1240,11030,1076,10512,11034,5799,901,2627,10801,5032,7870,11029,51,11028,11032,3779,2976,11033,11035],"class_list":["post-8107","post","type-post","status-publish","format-standard","hentry","category-servidor","tag-alto","tag-ano","tag-armados","tag-brasilia-escola-superior-de-guerra","tag-campus","tag-cdica","tag-civis","tag-conflitos","tag-cruso-de-direito-internacional-dos-conflitos-armados","tag-curso","tag-disciplinas","tag-ead","tag-esg","tag-estagiarios","tag-estrangeiros","tag-fases","tag-leis","tag-letivo","tag-md","tag-militares","tag-ministerio-da-defesa","tag-nivel-ensino","tag-palestras","tag-professores","tag-semipresencial","tag-tutores"],"_links":{"self":[{"href":"https:\/\/blogs.correiobraziliense.com.br\/servidor\/wp-json\/wp\/v2\/posts\/8107","targetHints":{"allow":["GET"]}}],"collection":[{"href":"https:\/\/blogs.correiobraziliense.com.br\/servidor\/wp-json\/wp\/v2\/posts"}],"about":[{"href":"https:\/\/blogs.correiobraziliense.com.br\/servidor\/wp-json\/wp\/v2\/types\/post"}],"author":[{"embeddable":true,"href":"https:\/\/blogs.correiobraziliense.com.br\/servidor\/wp-json\/wp\/v2\/users\/27"}],"replies":[{"embeddable":true,"href":"https:\/\/blogs.correiobraziliense.com.br\/servidor\/wp-json\/wp\/v2\/comments?post=8107"}],"version-history":[{"count":1,"href":"https:\/\/blogs.correiobraziliense.com.br\/servidor\/wp-json\/wp\/v2\/posts\/8107\/revisions"}],"predecessor-version":[{"id":8108,"href":"https:\/\/blogs.correiobraziliense.com.br\/servidor\/wp-json\/wp\/v2\/posts\/8107\/revisions\/8108"}],"wp:attachment":[{"href":"https:\/\/blogs.correiobraziliense.com.br\/servidor\/wp-json\/wp\/v2\/media?parent=8107"}],"wp:term":[{"taxonomy":"category","embeddable":true,"href":"https:\/\/blogs.correiobraziliense.com.br\/servidor\/wp-json\/wp\/v2\/categories?post=8107"},{"taxonomy":"post_tag","embeddable":true,"href":"https:\/\/blogs.correiobraziliense.com.br\/servidor\/wp-json\/wp\/v2\/tags?post=8107"}],"curies":[{"name":"wp","href":"https:\/\/api.w.org\/{rel}","templated":true}]}}