{"id":8103,"date":"2018-02-05T16:48:47","date_gmt":"2018-02-05T18:48:47","guid":{"rendered":"https:\/\/blogs.correiobraziliense.com.br\/servidor\/?p=8103"},"modified":"2018-02-05T16:48:47","modified_gmt":"2018-02-05T18:48:47","slug":"carnaval-2018-movimento-nos-aeroportos-da-infraero-devera-crescer-47","status":"publish","type":"post","link":"https:\/\/blogs.correiobraziliense.com.br\/servidor\/carnaval-2018-movimento-nos-aeroportos-da-infraero-devera-crescer-47\/","title":{"rendered":"Carnaval 2018: movimento nos aeroportos da Infraero dever\u00e1 crescer 4,7%"},"content":{"rendered":"<p class=\"m_-8527094806351938821gmail-m_7409800043230403546m_-8645016703510036915gmail-MsoNoSpacing\"><em>As opera\u00e7\u00f5es nos aeroportos de Congonhas, Santos Dumont, Curitiba, Recife e Manaus ser\u00e3o coordenadas pelos Centros de Gerenciamento Aeroportu\u00e1rio (CGA). Participam do CGA representantes da Infraero, Ag\u00eancia Nacional de Avia\u00e7\u00e3o Civil (Anac), Pol\u00edcia Federal, Receita Federal, Vigil\u00e2ncia Sanit\u00e1ria, Vigil\u00e2ncia Agropecu\u00e1ria e companhias a\u00e9reas. Nos demais aeroportos, a coordena\u00e7\u00e3o \u00e9 feita pelo N\u00facleo de Acompanhamento e Gest\u00e3o Operacional (Nago), em Bras\u00edlia<\/em><\/p>\n<p class=\"m_-8527094806351938821gmail-m_7409800043230403546m_-8645016703510036915gmail-MsoNoSpacing\">Os aeroportos da Infraero devem ter um aumento de 4,7% no carnaval deste ano, informa a companhia. Entre os dias 8 e 19 de fevereiro, s\u00e3o esperados 2,6 milh\u00f5es de passageiros, entre embarques e desembarques, nos terminais com voos comerciais regulares. Em 2017, a movimenta\u00e7\u00e3o de carnaval ocorreu entre os dias 23 de fevereiro e 6 de mar\u00e7o e foi registrado um fluxo de 2,5 milh\u00f5es de viajantes.<\/p>\n<p class=\"m_-8527094806351938821gmail-m_7409800043230403546m_-8645016703510036915gmail-MsoNoSpacing\">Para garantir o melhor atendimento e fluidez na movimenta\u00e7\u00e3o dos aeroportos, cada terminal elaborou seu plano conting\u00eancia, que j\u00e1 executou atividades de manuten\u00e7\u00e3o preventiva em equipamentos como esteiras de embarque e desembarque de bagagens, sinaliza\u00e7\u00e3o de pista, pontes de embarque, escadas rolantes, raios-x e detectores de metal, entre outros.<\/p>\n<p class=\"m_-8527094806351938821gmail-m_7409800043230403546m_-8645016703510036915gmail-MsoNoSpacing\">&#8220;Esse cuidado preventivo vai garantir que passageiros, companhias a\u00e9reas e demais clientes dos nossos aeroportos tenham um carnaval tranquilo nos aeroportos, sempre levando em conta as diversas caracter\u00edsticas dos nossos terminais&#8221;, afirma o diretor de Opera\u00e7\u00f5es e Servi\u00e7os T\u00e9cnicos, Jo\u00e3o M\u00e1rcio Jord\u00e3o.<\/p>\n<p class=\"m_-8527094806351938821gmail-m_7409800043230403546m_-8645016703510036915gmail-MsoNoSpacing\"><b>Converg\u00eancia<\/b><\/p>\n<p class=\"m_-8527094806351938821gmail-m_7409800043230403546m_-8645016703510036915gmail-MsoNoSpacing\">As opera\u00e7\u00f5es nos aeroportos de Congonhas, Santos Dumont, Curitiba, Recife e Manaus ser\u00e3o coordenadas pelos Centros de Gerenciamento Aeroportu\u00e1rio (CGA) localizados nestes terminais. O objetivo \u00e9 gerir o funcionamento das instala\u00e7\u00f5es em tempo real, conceber e implantar medidas para melhorar o fluxo operacional do aeroporto e aprimorar o atendimento aos passageiros e aeronaves nas 24 horas do dia.<\/p>\n<p class=\"m_-8527094806351938821gmail-m_7409800043230403546m_-8645016703510036915gmail-MsoNoSpacing\">Participam do CGA representantes da Infraero, Ag\u00eancia Nacional de Avia\u00e7\u00e3o Civil (Anac), Pol\u00edcia Federal, Receita Federal, Vigil\u00e2ncia Sanit\u00e1ria, Vigil\u00e2ncia Agropecu\u00e1ria e companhias a\u00e9reas. A gest\u00e3o ocorre de maneira compartilhada, baseada nas informa\u00e7\u00f5es e recursos disponibilizados pelos integrantes do Centro. &#8220;Essa converg\u00eancia de agentes que atuam no aeroporto permite \u00e0 Infraero detectar necessidades diferenciadas de cada terminal com anteced\u00eancia, garantindo a melhor solu\u00e7\u00e3o, sempre de acordo com a realidade de cada local&#8221;, explica o superintendente de Gest\u00e3o da Opera\u00e7\u00e3o, Mar\u00e7al Goulart.<\/p>\n<p class=\"m_-8527094806351938821gmail-m_7409800043230403546m_-8645016703510036915gmail-MsoNoSpacing\">Nos demais aeroportos, a coordena\u00e7\u00e3o \u00e9 feita pelo N\u00facleo de Acompanhamento e Gest\u00e3o Operacional (Nago). Localizado em Bras\u00edlia, ele monitora todos os aeroportos da Infraero e alinha a\u00e7\u00f5es para assegurar que todas as etapas da opera\u00e7\u00e3o de um aeroporto tenham fluidez e seguran\u00e7a.<\/p>\n","protected":false},"excerpt":{"rendered":"<p>As opera\u00e7\u00f5es nos aeroportos de Congonhas, Santos Dumont, Curitiba, Recife e Manaus ser\u00e3o coordenadas pelos Centros de Gerenciamento Aeroportu\u00e1rio (CGA). Participam do CGA representantes da Infraero, Ag\u00eancia Nacional de Avia\u00e7\u00e3o Civil (Anac), Pol\u00edcia Federal, Receita Federal, Vigil\u00e2ncia Sanit\u00e1ria, Vigil\u00e2ncia Agropecu\u00e1ria e companhias a\u00e9reas. Nos demais aeroportos, a coordena\u00e7\u00e3o \u00e9 feita pelo N\u00facleo de Acompanhamento e Gest\u00e3o Operacional (Nago), em Bras\u00edlia [&hellip;]<\/p>\n","protected":false},"author":27,"featured_media":0,"comment_status":"open","ping_status":"closed","sticky":false,"template":"","format":"standard","meta":{"footnotes":""},"categories":[2719],"tags":[391,603,7434,3968,662,11012,9747,4886,9094,11018,11016,4452,2343,8759,540,11014,11015,11017,104,294,1991,6740,10953,11013,10975],"class_list":["post-8103","post","type-post","status-publish","format-standard","hentry","category-servidor","tag-aereas","tag-aeroportos","tag-agropecuaria","tag-anac","tag-carnaval","tag-cga","tag-comerciais","tag-companhias","tag-desembarques","tag-detectores","tag-embarques","tag-fluxo","tag-infraero","tag-metal","tag-movimento","tag-nago","tag-passgeiros","tag-pista","tag-policia-federal","tag-receita-federal","tag-sinalizacao","tag-terminais","tag-viajantes","tag-vigilancia-sanitaria","tag-voos"],"_links":{"self":[{"href":"https:\/\/blogs.correiobraziliense.com.br\/servidor\/wp-json\/wp\/v2\/posts\/8103","targetHints":{"allow":["GET"]}}],"collection":[{"href":"https:\/\/blogs.correiobraziliense.com.br\/servidor\/wp-json\/wp\/v2\/posts"}],"about":[{"href":"https:\/\/blogs.correiobraziliense.com.br\/servidor\/wp-json\/wp\/v2\/types\/post"}],"author":[{"embeddable":true,"href":"https:\/\/blogs.correiobraziliense.com.br\/servidor\/wp-json\/wp\/v2\/users\/27"}],"replies":[{"embeddable":true,"href":"https:\/\/blogs.correiobraziliense.com.br\/servidor\/wp-json\/wp\/v2\/comments?post=8103"}],"version-history":[{"count":1,"href":"https:\/\/blogs.correiobraziliense.com.br\/servidor\/wp-json\/wp\/v2\/posts\/8103\/revisions"}],"predecessor-version":[{"id":8104,"href":"https:\/\/blogs.correiobraziliense.com.br\/servidor\/wp-json\/wp\/v2\/posts\/8103\/revisions\/8104"}],"wp:attachment":[{"href":"https:\/\/blogs.correiobraziliense.com.br\/servidor\/wp-json\/wp\/v2\/media?parent=8103"}],"wp:term":[{"taxonomy":"category","embeddable":true,"href":"https:\/\/blogs.correiobraziliense.com.br\/servidor\/wp-json\/wp\/v2\/categories?post=8103"},{"taxonomy":"post_tag","embeddable":true,"href":"https:\/\/blogs.correiobraziliense.com.br\/servidor\/wp-json\/wp\/v2\/tags?post=8103"}],"curies":[{"name":"wp","href":"https:\/\/api.w.org\/{rel}","templated":true}]}}