{"id":8099,"date":"2018-02-05T15:03:00","date_gmt":"2018-02-05T17:03:00","guid":{"rendered":"https:\/\/blogs.correiobraziliense.com.br\/servidor\/?p=8099"},"modified":"2018-02-05T15:03:00","modified_gmt":"2018-02-05T17:03:00","slug":"servidores-publicos-e-as-eleicoes-de-2018","status":"publish","type":"post","link":"https:\/\/blogs.correiobraziliense.com.br\/servidor\/servidores-publicos-e-as-eleicoes-de-2018\/","title":{"rendered":"Servidores p\u00fablicos e as elei\u00e7\u00f5es de 2018"},"content":{"rendered":"<p><em>Com o tema \u201cServidores P\u00fablicos e as Elei\u00e7\u00f5es de 2018\u201d, acontece nesta ter\u00e7a-feira, 6 de fevereiro, o primeiro evento da Rede P\u00fablica sobre o assunto. O debate ser\u00e1 na C\u00e2mara dos Deputados a partir das 17h, com transmiss\u00e3o ao vivo para as salas da Rede P\u00fablica.<\/em><\/p>\n<p>Lideran\u00e7as sindicais e parlamentares v\u00e3o articular estrat\u00e9gias para a valoriza\u00e7\u00e3o do voto coletivo do funcionalismo na defesa dos servi\u00e7os p\u00fablicos e suas carreiras. Nilton Paix\u00e3o, presidente da P\u00fablica &#8211; Central do Servidor, Antonio Augusto Queiroz, consultor do Departamento Intersindical de Assessoria Parlamentar (Diap), e os deputados federais Weliton Prado (Pros-MG) e Arnaldo Faria de S\u00e1 (PTB-SP) est\u00e3o entre os convidados confirmados.<\/p>\n<p>Assista no dia e hor\u00e1rio pela Fan Page da Tv do Servidor: https:\/\/www.facebook.com\/tvdoservidorfanpage\/<\/p>\n<p><strong>\u201cServidores P\u00fablicos e as Elei\u00e7\u00f5es de 2018\u201d<\/strong><\/p>\n<p><strong>Data:<\/strong> 6 de fevereiro<\/p>\n<p><strong>Hora:<\/strong> 17h<\/p>\n<p><strong>Local:<\/strong> C\u00e2mara dos Deputados, com transmiss\u00e3o ao vivo para as salas da Rede P\u00fablica<\/p>\n","protected":false},"excerpt":{"rendered":"<p>Com o tema \u201cServidores P\u00fablicos e as Elei\u00e7\u00f5es de 2018\u201d, acontece nesta ter\u00e7a-feira, 6 de fevereiro, o primeiro evento da Rede P\u00fablica sobre o assunto. O debate ser\u00e1 na C\u00e2mara dos Deputados a partir das 17h, com transmiss\u00e3o ao vivo para as salas da Rede P\u00fablica. Lideran\u00e7as sindicais e parlamentares v\u00e3o articular estrat\u00e9gias para a valoriza\u00e7\u00e3o do voto coletivo do [&hellip;]<\/p>\n","protected":false},"author":27,"featured_media":0,"comment_status":"open","ping_status":"closed","sticky":false,"template":"","format":"standard","meta":{"footnotes":""},"categories":[2719],"tags":[1531,6475,847,2021,11007,24,58,4817,6559],"class_list":["post-8099","post","type-post","status-publish","format-standard","hentry","category-servidor","tag-camara-dos-deputados","tag-convidados","tag-debate","tag-eleicoes","tag-fan-page","tag-publicos","tag-servidores","tag-transmissao","tag-tv"],"_links":{"self":[{"href":"https:\/\/blogs.correiobraziliense.com.br\/servidor\/wp-json\/wp\/v2\/posts\/8099","targetHints":{"allow":["GET"]}}],"collection":[{"href":"https:\/\/blogs.correiobraziliense.com.br\/servidor\/wp-json\/wp\/v2\/posts"}],"about":[{"href":"https:\/\/blogs.correiobraziliense.com.br\/servidor\/wp-json\/wp\/v2\/types\/post"}],"author":[{"embeddable":true,"href":"https:\/\/blogs.correiobraziliense.com.br\/servidor\/wp-json\/wp\/v2\/users\/27"}],"replies":[{"embeddable":true,"href":"https:\/\/blogs.correiobraziliense.com.br\/servidor\/wp-json\/wp\/v2\/comments?post=8099"}],"version-history":[{"count":1,"href":"https:\/\/blogs.correiobraziliense.com.br\/servidor\/wp-json\/wp\/v2\/posts\/8099\/revisions"}],"predecessor-version":[{"id":8100,"href":"https:\/\/blogs.correiobraziliense.com.br\/servidor\/wp-json\/wp\/v2\/posts\/8099\/revisions\/8100"}],"wp:attachment":[{"href":"https:\/\/blogs.correiobraziliense.com.br\/servidor\/wp-json\/wp\/v2\/media?parent=8099"}],"wp:term":[{"taxonomy":"category","embeddable":true,"href":"https:\/\/blogs.correiobraziliense.com.br\/servidor\/wp-json\/wp\/v2\/categories?post=8099"},{"taxonomy":"post_tag","embeddable":true,"href":"https:\/\/blogs.correiobraziliense.com.br\/servidor\/wp-json\/wp\/v2\/tags?post=8099"}],"curies":[{"name":"wp","href":"https:\/\/api.w.org\/{rel}","templated":true}]}}