{"id":8096,"date":"2018-02-05T13:35:16","date_gmt":"2018-02-05T15:35:16","guid":{"rendered":"https:\/\/blogs.correiobraziliense.com.br\/servidor\/?p=8096"},"modified":"2018-02-05T13:35:16","modified_gmt":"2018-02-05T15:35:16","slug":"centrais-levam-banda-de-carnaval-nesta-terca-feira-ao-banco-central-em-ato-contra-juros-altos","status":"publish","type":"post","link":"https:\/\/blogs.correiobraziliense.com.br\/servidor\/centrais-levam-banda-de-carnaval-nesta-terca-feira-ao-banco-central-em-ato-contra-juros-altos\/","title":{"rendered":"Centrais levam banda de carnaval, nesta ter\u00e7a-feira, ao Banco Central, em ato contra juros altos"},"content":{"rendered":"<p><em>Protesto vai reunir lideran\u00e7as sindicais de diversas categorias em frente ao Banco Central, na Avenida Paulista, em S\u00e3o Paulo.<\/em><\/p>\n<p>No ato a ser realizado pelas centrais sindicais, nesta <span id=\"OBJ_PREFIX_DWT2981_com_zimbra_date\" class=\"Object\"><span id=\"OBJ_PREFIX_DWT2991_com_zimbra_date\" class=\"Object\">ter<\/span><\/span>\u00e7a-feira, dia 06, \u00e0s 10 horas, em frente ao Banco Central, na Avenida Paulista, 1.804, contra os juros altos, ser\u00e1 levada uma banda de carnaval.<\/p>\n<p>A manifesta\u00e7\u00e3o acontecer\u00e1 no mesmo dia em que os membros do Copom (Comit\u00ea de Pol\u00edtica Monet\u00e1ria) come\u00e7am a reuni\u00e3o que vai definir a nova taxa b\u00e1sica de juros (Selic) que <span id=\"OBJ_PREFIX_DWT2982_com_zimbra_date\" class=\"Object\"><span id=\"OBJ_PREFIX_DWT2992_com_zimbra_date\" class=\"Object\">hoje<\/span><\/span> est\u00e1 em 7%.<\/p>\n<p><u><b>Agenda:<\/b><\/u><\/p>\n<p><em>Protesto das centrais sindicais contra os juros altos<\/em><br \/>\nData: <span id=\"OBJ_PREFIX_DWT2983_com_zimbra_date\" class=\"Object\"><span id=\"OBJ_PREFIX_DWT2993_com_zimbra_date\" class=\"Object\">06 de Fevereiro<\/span><\/span><br \/>\nHor\u00e1rio: 10 horas<br \/>\nLocal: Em frente a sede do Banco Central<br \/>\nEndere\u00e7o: Avenida Paulista, 1804, Bela Vista, S\u00e3o Paulo-SP<\/p>\n","protected":false},"excerpt":{"rendered":"<p>Protesto vai reunir lideran\u00e7as sindicais de diversas categorias em frente ao Banco Central, na Avenida Paulista, em S\u00e3o Paulo. No ato a ser realizado pelas centrais sindicais, nesta ter\u00e7a-feira, dia 06, \u00e0s 10 horas, em frente ao Banco Central, na Avenida Paulista, 1.804, contra os juros altos, ser\u00e1 levada uma banda de carnaval. A manifesta\u00e7\u00e3o acontecer\u00e1 no mesmo dia em [&hellip;]<\/p>\n","protected":false},"author":27,"featured_media":0,"comment_status":"open","ping_status":"closed","sticky":false,"template":"","format":"standard","meta":{"footnotes":""},"categories":[2719],"tags":[1103,21,1236,11006,4945,662,1101,1104,1102,1256,1151,1673,1953,4007],"class_list":["post-8096","post","type-post","status-publish","format-standard","hentry","category-servidor","tag-altos","tag-ato","tag-banco-central","tag-banda","tag-basica","tag-carnaval","tag-centrais-sindicais","tag-copom","tag-juros","tag-liderancas","tag-manifestacao","tag-sao-paulo","tag-selic","tag-taxa"],"_links":{"self":[{"href":"https:\/\/blogs.correiobraziliense.com.br\/servidor\/wp-json\/wp\/v2\/posts\/8096","targetHints":{"allow":["GET"]}}],"collection":[{"href":"https:\/\/blogs.correiobraziliense.com.br\/servidor\/wp-json\/wp\/v2\/posts"}],"about":[{"href":"https:\/\/blogs.correiobraziliense.com.br\/servidor\/wp-json\/wp\/v2\/types\/post"}],"author":[{"embeddable":true,"href":"https:\/\/blogs.correiobraziliense.com.br\/servidor\/wp-json\/wp\/v2\/users\/27"}],"replies":[{"embeddable":true,"href":"https:\/\/blogs.correiobraziliense.com.br\/servidor\/wp-json\/wp\/v2\/comments?post=8096"}],"version-history":[{"count":1,"href":"https:\/\/blogs.correiobraziliense.com.br\/servidor\/wp-json\/wp\/v2\/posts\/8096\/revisions"}],"predecessor-version":[{"id":8097,"href":"https:\/\/blogs.correiobraziliense.com.br\/servidor\/wp-json\/wp\/v2\/posts\/8096\/revisions\/8097"}],"wp:attachment":[{"href":"https:\/\/blogs.correiobraziliense.com.br\/servidor\/wp-json\/wp\/v2\/media?parent=8096"}],"wp:term":[{"taxonomy":"category","embeddable":true,"href":"https:\/\/blogs.correiobraziliense.com.br\/servidor\/wp-json\/wp\/v2\/categories?post=8096"},{"taxonomy":"post_tag","embeddable":true,"href":"https:\/\/blogs.correiobraziliense.com.br\/servidor\/wp-json\/wp\/v2\/tags?post=8096"}],"curies":[{"name":"wp","href":"https:\/\/api.w.org\/{rel}","templated":true}]}}