{"id":8088,"date":"2018-02-02T19:51:59","date_gmt":"2018-02-02T21:51:59","guid":{"rendered":"https:\/\/blogs.correiobraziliense.com.br\/servidor\/?p=8088"},"modified":"2018-02-02T19:51:59","modified_gmt":"2018-02-02T21:51:59","slug":"tst-se-reune-na-terca-feira-para-discutir-jurisprudencia-pos-reforma-trabalhista","status":"publish","type":"post","link":"https:\/\/blogs.correiobraziliense.com.br\/servidor\/tst-se-reune-na-terca-feira-para-discutir-jurisprudencia-pos-reforma-trabalhista\/","title":{"rendered":"TST se re\u00fane na ter\u00e7a-feira para discutir jurisprud\u00eancia p\u00f3s-reforma trabalhista"},"content":{"rendered":"<p><em>O Pleno do Tribunal Superior do Trabalho se re\u00fane na pr\u00f3xima ter\u00e7a-feira (6), a partir da 14h, para discutir as altera\u00e7\u00f5es de sua jurisprud\u00eancia em fun\u00e7\u00e3o das mudan\u00e7as na CLT introduzidas pela reforma trabalhista (<a href=\"http:\/\/www.planalto.gov.br\/ccivil_03\/_ato2015-2018\/2017\/lei\/l13467.htm\" target=\"_blank\">Lei 13.467\/2017<\/a>).<\/em><u><\/u><u><\/u><\/p>\n<p>O ponto de partida dos debates \u00e9 uma proposta, da Comiss\u00e3o de Jurisprud\u00eancia e Precedentes Normativos do Tribunal em novembro do ano passado, que trata de 34 temas que foram objeto de mudan\u00e7a legislativa, entre eles horas de deslocamento (in itinere), di\u00e1rias de viagem e supress\u00e3o de gratifica\u00e7\u00e3o de fun\u00e7\u00e3o. Veja\u00a0<a href=\"http:\/\/www.tst.jus.br\/documents\/10157\/2374827\/Parecer+1.pdf\/0efe5a4a-046b-25c0-4cbb-cc179cbf984b\" target=\"_blank\">aqui<\/a>\u00a0e\u00a0<a href=\"http:\/\/www.tst.jus.br\/documents\/10157\/2374827\/Parecer+2.pdf\/ba0eea9b-3f9a-02d8-c821-e9d49da33484\" target=\"_blank\">aqui<\/a>\u00a0as propostas da comiss\u00e3o.<u><\/u><u><\/u><\/p>\n<p>\u201cN\u00e3o h\u00e1 d\u00favidas de que, a partir da entrada em vigor da reforma trabalhista, em 11 de novembro 2017, muitas s\u00famulas precisam ser revistas\u201d, afirma o presidente do TST, ministro Ives Gandra Martins Filho.<\/p>\n<p>Dois outros pontos importantes ser\u00e3o objeto de discuss\u00e3o e dizem respeito ao direito intertemporal, ou seja, \u00e0 modula\u00e7\u00e3o dos efeitos das mudan\u00e7as legislativas. A primeira \u00e9 se a nova reda\u00e7\u00e3o da CLT se aplica aos contratos j\u00e1 em vigor ou apenas aos novos contratos. A segunda diz respeito aos processos trabalhistas j\u00e1 em curso.<u><\/u><u><\/u><\/p>\n<p>De acordo com as regras estabelecidas pela pr\u00f3pria Reforma Trabalhista em rela\u00e7\u00e3o \u00e0 aprova\u00e7\u00e3o e altera\u00e7\u00e3o de s\u00famulas, a sess\u00e3o contar\u00e1 com a participa\u00e7\u00e3o de entidades sindicais de trabalhadores e patronais, entidades de classe (associa\u00e7\u00f5es de advogados e de magistrados, entre outras) e \u00f3rg\u00e3os p\u00fablicos (Minist\u00e9rio P\u00fablico do Trabalho e Advocacia-Geral da Uni\u00e3o). Cada grupo ter\u00e1 30 minutos para sustenta\u00e7\u00f5es orais, totalizando duas horas.<u><\/u><u><\/u><\/p>\n<p>A sess\u00e3o \u00e9 aberta ao p\u00fablico e ser\u00e1 transmitida ao vivo pelo Portal do TST e pelo\u00a0<a href=\"https:\/\/www.youtube.com\/user\/tst\" target=\"_blank\">canal do TST no YouTube<\/a>.<\/p>\n","protected":false},"excerpt":{"rendered":"<p>O Pleno do Tribunal Superior do Trabalho se re\u00fane na pr\u00f3xima ter\u00e7a-feira (6), a partir da 14h, para discutir as altera\u00e7\u00f5es de sua jurisprud\u00eancia em fun\u00e7\u00e3o das mudan\u00e7as na CLT introduzidas pela reforma trabalhista (Lei 13.467\/2017). O ponto de partida dos debates \u00e9 uma proposta, da Comiss\u00e3o de Jurisprud\u00eancia e Precedentes Normativos do Tribunal em novembro do ano passado, que [&hellip;]<\/p>\n","protected":false},"author":27,"featured_media":0,"comment_status":"open","ping_status":"closed","sticky":false,"template":"","format":"standard","meta":{"footnotes":""},"categories":[2719],"tags":[265,157,1321,3902,1005,2272,250,1753,116,3641,1305,2491,73,889,333,9647,3717,9158,621,3474,376,435,5732,1890,3330,10988,10987,562,24,9253,751,2680,10989,2227,1260,10044,2403,10990,19,503,6984,130,912],"class_list":["post-8088","post","type-post","status-publish","format-standard","hentry","category-servidor","tag-advogados","tag-agu","tag-alteracoes","tag-associacoes","tag-classe","tag-clt","tag-contratos","tag-diarias","tag-direito","tag-discussao","tag-discutir","tag-efeitos","tag-entidades","tag-funcao","tag-gratificacao","tag-in-itinere","tag-jurisprudencia","tag-lei-13-4672017","tag-magistrados","tag-mpt","tag-mudancas","tag-novos","tag-orais","tag-orgaos","tag-patronais","tag-pleno","tag-pos-reforma","tag-processos","tag-publicos","tag-reforma-trabalhista","tag-regras","tag-reune","tag-rspeito","tag-sessao","tag-sindicais","tag-sumulas","tag-supressao","tag-sutentacoes","tag-trabalhadores","tag-tst","tag-viagem","tag-vigor","tag-youtube"],"_links":{"self":[{"href":"https:\/\/blogs.correiobraziliense.com.br\/servidor\/wp-json\/wp\/v2\/posts\/8088","targetHints":{"allow":["GET"]}}],"collection":[{"href":"https:\/\/blogs.correiobraziliense.com.br\/servidor\/wp-json\/wp\/v2\/posts"}],"about":[{"href":"https:\/\/blogs.correiobraziliense.com.br\/servidor\/wp-json\/wp\/v2\/types\/post"}],"author":[{"embeddable":true,"href":"https:\/\/blogs.correiobraziliense.com.br\/servidor\/wp-json\/wp\/v2\/users\/27"}],"replies":[{"embeddable":true,"href":"https:\/\/blogs.correiobraziliense.com.br\/servidor\/wp-json\/wp\/v2\/comments?post=8088"}],"version-history":[{"count":1,"href":"https:\/\/blogs.correiobraziliense.com.br\/servidor\/wp-json\/wp\/v2\/posts\/8088\/revisions"}],"predecessor-version":[{"id":8089,"href":"https:\/\/blogs.correiobraziliense.com.br\/servidor\/wp-json\/wp\/v2\/posts\/8088\/revisions\/8089"}],"wp:attachment":[{"href":"https:\/\/blogs.correiobraziliense.com.br\/servidor\/wp-json\/wp\/v2\/media?parent=8088"}],"wp:term":[{"taxonomy":"category","embeddable":true,"href":"https:\/\/blogs.correiobraziliense.com.br\/servidor\/wp-json\/wp\/v2\/categories?post=8088"},{"taxonomy":"post_tag","embeddable":true,"href":"https:\/\/blogs.correiobraziliense.com.br\/servidor\/wp-json\/wp\/v2\/tags?post=8088"}],"curies":[{"name":"wp","href":"https:\/\/api.w.org\/{rel}","templated":true}]}}