{"id":8078,"date":"2018-02-01T12:21:22","date_gmt":"2018-02-01T14:21:22","guid":{"rendered":"https:\/\/blogs.correiobraziliense.com.br\/servidor\/?p=8078"},"modified":"2018-02-01T12:21:22","modified_gmt":"2018-02-01T14:21:22","slug":"gastos-administrativos-do-governo-caem-r-42-bilhoes-desde-2013","status":"publish","type":"post","link":"https:\/\/blogs.correiobraziliense.com.br\/servidor\/gastos-administrativos-do-governo-caem-r-42-bilhoes-desde-2013\/","title":{"rendered":"Gastos administrativos do governo caem R$ 4,2 bilh\u00f5es desde 2013"},"content":{"rendered":"<p><em>\u00c9 a quinta vez consecutiva que as despesas de custeio apresentam redu\u00e7\u00e3o real, informa o Minist\u00e9rio do Planejamento<\/em><\/p>\n<p>De acordo com o \u00f3rg\u00e3o, as despesas\u00a0de\u00a0custeio\u00a0administrativo do governo federal totalizaram R$ 35,88 bilh\u00f5es em 2017. \u00c9 o quinto ano seguido em que os gastos do Executivo ca\u00edram em termos reais, ou seja, descontada a infla\u00e7\u00e3o. Em 2013, as despesas fecharam o ano em R$ 40,1 bilh\u00f5es. Desse modo, a redu\u00e7\u00e3o real dos gastos em cinco anos \u00e9 de R$ 4,2 bilh\u00f5es. Os dados est\u00e3o na 11\u00aa edi\u00e7\u00e3o do Boletim\u00a0de\u00a0Despesas\u00a0de\u00a0Custeio Administrativo de 2017, divulgado nesta quinta-feira, 1\u00ba, pelo Minist\u00e9rio do Planejamento, Desenvolvimento e Gest\u00e3o (MP).<\/p>\n<p>A redu\u00e7\u00e3o em termos reais chegou a quase R$ 5,2 bilh\u00f5es na compara\u00e7\u00e3o com novembro de 2014, quando as despesas superaram R$ 41 bilh\u00f5es de reais e foram as maiores registradas na s\u00e9rie hist\u00f3rica, iniciada em dezembro de 2011.<img decoding=\"async\" src=\"https:\/\/mail.google.com\/mail\/u\/0\/?ui=2&amp;ik=161b52c0c4&amp;view=fimg&amp;th=16151ade4906145d&amp;attid=0.1&amp;disp=emb&amp;attbid=ANGjdJ-4JwefppjiGCDUHIkWBBc8BELdWNSYRellHdaYCT_HVp6agm_vLNhMxDKKmezbV-jw0BMoHSO67qEvOkVBs0_Z8adodErAaGsbG_0jyYwpXoh86l09CBBN0jY&amp;sz=s0-l75-ft&amp;ats=1517493981478&amp;rm=16151ade4906145d&amp;zw&amp;atsh=1\" alt=\"\" \/><\/p>\n<p>&nbsp;<\/p>\n<p>As despesas de 2017 recuaram 1,1% em termos reais em rela\u00e7\u00e3o ao ano anterior. Por outro lado, houve um aumento nominal de 2% na compara\u00e7\u00e3o com 2016.<\/p>\n<p>\u201cEu diria que o resultado de 2017 \u00e9 satisfat\u00f3rio\u201d, comentou o ministro do Planejamento, Dyogo Oliveira. \u201cDemonstra a estabiliza\u00e7\u00e3o dos gastos ap\u00f3s anos seguidos de queda e demonstra que o governo est\u00e1 comprometido com o controle das despesas de funcionamento. De modo que sobrem recursos para as despesas mais final\u00edsticas, que beneficiam mais a popula\u00e7\u00e3o\u201d, completou.<\/p>\n<p>Para 2018, o ministro defendeu a manuten\u00e7\u00e3o do baixo n\u00edvel de despesas de custeio pelo Poder Executivo. \u201cA expectativa \u00e9 continuidade do controle desta despesa\u201d, afirmou.<\/p>\n<p><a href=\"http:\/\/www.planejamento.gov.br\/servicos\/central-de-conteudos\/boletim-de-custeio-administrativo\/BoletimdeCusteioAdministrativo4T20172.pdf\">Acesse a apresenta\u00e7\u00e3o do Boletim<\/a><\/p>\n<p><a href=\"http:\/\/www.planejamento.gov.br\/servicos\/central-de-conteudos\/boletim-de-custeio-administrativo\/copiadedezembro2017custeioadministrativoincluiobrigatoriasdivulgacao1.xlsx\">Acesse o documento na \u00edntegra<\/a><\/p>\n<p><strong>Maior economia<\/strong><\/p>\n<p>As despesas foram reunidas em oito grupos (servi\u00e7\u200bos de apoio, material de consumo, comunica\u00e7\u00e3o e processamento de dados, loca\u00e7\u00e3o e conserva\u00e7\u00e3o de bens im\u00f3veis, energia el\u00e9trica e \u00e1gua, loca\u00e7\u00e3o e conserva\u00e7\u00e3o de bens m\u00f3veis, di\u00e1rias e passagens e outros servi\u00e7os). A maioria delas registrou queda em 2017 na compara\u00e7\u00e3o com 2016, considerada a infla\u00e7\u00e3o.<\/p>\n<p>De acordo com o estudo, a maior economia foi no gasto com di\u00e1rias e passagens, que caiu R$ 246,3 milh\u00f5es entre os dois anos comparados: uma redu\u00e7\u00e3o real de 13,9%. \u201cTrata-se de modernizar a forma como a m\u00e1quina p\u00fablica \u00e9 gerenciada, num contexto em que os recursos de tecnologia da informa\u00e7\u00e3o dispon\u00edveis, as novas formas de presta\u00e7\u00e3o de servi\u00e7os e, sobretudo, a necessidade de que os recursos p\u00fablicos sejam utilizados de maneira mais eficiente t\u00eam balizado a ado\u00e7\u00e3o de medidas relevantes. Destaco a pol\u00edtica de compra direta de passagens a\u00e9reas nacionais, que tem refletido na redu\u00e7\u00e3o de custos relativos a viagens no governo federal&#8221;, comentou o secret\u00e1rio de Gest\u00e3o, Gleisson Rubin.<\/p>\n<p>E estes gastos com a m\u00e1quina p\u00fablica continuar\u00e3o a ser otimizados em 2018. Rubin lembra que o\u00a0<a href=\"http:\/\/www.planejamento.gov.br\/taxigov\">T\u00e1xiGov<\/a>\u00a0\u2013 novo modelo de\u00a0transporte utilizado pelos \u00f3rg\u00e3os do Executivo que substitui a aquisi\u00e7\u00e3o e loca\u00e7\u00e3o de frota pelo uso de t\u00e1xis \u2013 j\u00e1 traz reflexos relativos \u00e0 diminui\u00e7\u00e3o de custos em rubricas como gastos com combust\u00edveis (redu\u00e7\u00e3o real de 13% em rela\u00e7\u00e3o a 2016), e loca\u00e7\u00e3o de ve\u00edculos (redu\u00e7\u00e3o real de 1% em rela\u00e7\u00e3o ao mesmo per\u00edodo). Assim, o modelo ser\u00e1 ampliado neste ano. Al\u00e9m disso, dever\u00e1 ser implementada a regra que obriga autoridades e agentes p\u00fablicos a utilizarem somente a classe econ\u00f4mica em todos os voos.<\/p>\n<p>&nbsp;<\/p>\n","protected":false},"excerpt":{"rendered":"<p>\u00c9 a quinta vez consecutiva que as despesas de custeio apresentam redu\u00e7\u00e3o real, informa o Minist\u00e9rio do Planejamento De acordo com o \u00f3rg\u00e3o, as despesas\u00a0de\u00a0custeio\u00a0administrativo do governo federal totalizaram R$ 35,88 bilh\u00f5es em 2017. \u00c9 o quinto ano seguido em que os gastos do Executivo ca\u00edram em termos reais, ou seja, descontada a infla\u00e7\u00e3o. Em 2013, as despesas fecharam o [&hellip;]<\/p>\n","protected":false},"author":27,"featured_media":0,"comment_status":"open","ping_status":"closed","sticky":false,"template":"","format":"standard","meta":{"footnotes":""},"categories":[2719],"tags":[1191,229,1918,792,1935,7597,3415,10972,10971,1005,3819,559,7142,2802,207,236,167,1753,367,4058,1792,6456,9,6071,10974,942,1169,98,9140,1832,240,10973,7587,141,1393,545,7281,239,316,325,212,7821,838,10975],"class_list":["post-8078","post","type-post","status-publish","format-standard","hentry","category-servidor","tag-administracao","tag-agentes","tag-agua","tag-apoio","tag-autoridades","tag-beneficiam","tag-bens","tag-boletim-de-despesas-de-custeio-administrativo","tag-caem-despesas","tag-classe","tag-combustiveis","tag-comunicacao","tag-conservacao","tag-consumo","tag-controle","tag-custeio","tag-dados","tag-diarias","tag-economica","tag-eletrica","tag-energia","tag-evolucao","tag-executivo","tag-finalisticas","tag-frota","tag-funcionamento","tag-gastos","tag-governo","tag-historica","tag-imoveis","tag-inflacao","tag-locacao","tag-material","tag-ministerio-do-planejamento","tag-passagens","tag-populacao","tag-processamento","tag-real","tag-recursos","tag-reducao","tag-servico","tag-taxigov","tag-veiculos","tag-voos"],"_links":{"self":[{"href":"https:\/\/blogs.correiobraziliense.com.br\/servidor\/wp-json\/wp\/v2\/posts\/8078","targetHints":{"allow":["GET"]}}],"collection":[{"href":"https:\/\/blogs.correiobraziliense.com.br\/servidor\/wp-json\/wp\/v2\/posts"}],"about":[{"href":"https:\/\/blogs.correiobraziliense.com.br\/servidor\/wp-json\/wp\/v2\/types\/post"}],"author":[{"embeddable":true,"href":"https:\/\/blogs.correiobraziliense.com.br\/servidor\/wp-json\/wp\/v2\/users\/27"}],"replies":[{"embeddable":true,"href":"https:\/\/blogs.correiobraziliense.com.br\/servidor\/wp-json\/wp\/v2\/comments?post=8078"}],"version-history":[{"count":1,"href":"https:\/\/blogs.correiobraziliense.com.br\/servidor\/wp-json\/wp\/v2\/posts\/8078\/revisions"}],"predecessor-version":[{"id":8079,"href":"https:\/\/blogs.correiobraziliense.com.br\/servidor\/wp-json\/wp\/v2\/posts\/8078\/revisions\/8079"}],"wp:attachment":[{"href":"https:\/\/blogs.correiobraziliense.com.br\/servidor\/wp-json\/wp\/v2\/media?parent=8078"}],"wp:term":[{"taxonomy":"category","embeddable":true,"href":"https:\/\/blogs.correiobraziliense.com.br\/servidor\/wp-json\/wp\/v2\/categories?post=8078"},{"taxonomy":"post_tag","embeddable":true,"href":"https:\/\/blogs.correiobraziliense.com.br\/servidor\/wp-json\/wp\/v2\/tags?post=8078"}],"curies":[{"name":"wp","href":"https:\/\/api.w.org\/{rel}","templated":true}]}}