{"id":8074,"date":"2018-01-31T20:02:01","date_gmt":"2018-01-31T22:02:01","guid":{"rendered":"https:\/\/blogs.correiobraziliense.com.br\/servidor\/?p=8074"},"modified":"2018-01-31T20:02:23","modified_gmt":"2018-01-31T22:02:23","slug":"rever-prisao-em-segunda-instancia-e-alimentar-impunidade-afirma-conamp","status":"publish","type":"post","link":"https:\/\/blogs.correiobraziliense.com.br\/servidor\/rever-prisao-em-segunda-instancia-e-alimentar-impunidade-afirma-conamp\/","title":{"rendered":"\u201cRever pris\u00e3o em segunda inst\u00e2ncia \u00e9 alimentar a impunidade\u201d, afirma Conamp"},"content":{"rendered":"<p>A presidente da Associa\u00e7\u00e3o dos Membros do Minist\u00e9rio P\u00fablico (Conamp), Norma Cavalcanti, fez duras cr\u00edticas \u00e0 possibilidade de revis\u00e3o da pris\u00e3o em segunda inst\u00e2ncia pelo Supremo Tribunal Federal (STF). Para a presidente da entidade &#8211; que representa mais de 16 mil procuradores e promotores de Justi\u00e7a em todo o pa\u00eds &#8211; cogitar a possibilidade de mudar a decis\u00e3o que autoriza o cumprimento de pena ap\u00f3s decis\u00e3o de um tribunal da segunda inst\u00e2ncia do Judici\u00e1rio \u00e9 um retrocesso. \u201cO julgamento de poderosos, no Brasil, \u00e9 algo in\u00e9dito. E n\u00e3o h\u00e1 outra forma de combater a corrup\u00e7\u00e3o no pa\u00eds que n\u00e3o seja defendendo o cumprimento da pris\u00e3o em segunda inst\u00e2ncia\u201d, cobrou.<\/p>\n<p>A an\u00e1lise da entidade foi feito na manh\u00e3 de hoje (31), durante coletiva de imprensa de entidades do Minist\u00e9rio P\u00fablico e da magistratura para tratar sobre um ato contra a reforma da Previd\u00eancia, amanh\u00e3 (1), no Congresso Nacional, e seguir\u00e1 para o STF, onde mais de 500 servidores dever\u00e3o entregar um manifesto \u00e0 ministra Carmen L\u00facia com pontos contr\u00e1rios ao texto proposto pelo governo.<\/p>\n","protected":false},"excerpt":{"rendered":"<p>A presidente da Associa\u00e7\u00e3o dos Membros do Minist\u00e9rio P\u00fablico (Conamp), Norma Cavalcanti, fez duras cr\u00edticas \u00e0 possibilidade de revis\u00e3o da pris\u00e3o em segunda inst\u00e2ncia pelo Supremo Tribunal Federal (STF). Para a presidente da entidade &#8211; que representa mais de 16 mil procuradores e promotores de Justi\u00e7a em todo o pa\u00eds &#8211; cogitar a possibilidade de mudar a decis\u00e3o que autoriza [&hellip;]<\/p>\n","protected":false},"author":27,"featured_media":0,"comment_status":"open","ping_status":"closed","sticky":false,"template":"","format":"standard","meta":{"footnotes":""},"categories":[2719],"tags":[3550,4460,693,2129,1248,1650,5982,2323,623,417,1038,1235,4303,9727,1712,836,58,34],"class_list":["post-8074","post","type-post","status-publish","format-standard","hentry","category-servidor","tag-alimentar","tag-conamp","tag-congresso-nacional","tag-criticas","tag-decisao","tag-impunidade","tag-instancia","tag-magistratura","tag-manifesto","tag-ministerio-publico","tag-prisao","tag-procuradores","tag-promotores","tag-reforma-da-previdencia","tag-rever","tag-segunda","tag-servidores","tag-stf"],"_links":{"self":[{"href":"https:\/\/blogs.correiobraziliense.com.br\/servidor\/wp-json\/wp\/v2\/posts\/8074","targetHints":{"allow":["GET"]}}],"collection":[{"href":"https:\/\/blogs.correiobraziliense.com.br\/servidor\/wp-json\/wp\/v2\/posts"}],"about":[{"href":"https:\/\/blogs.correiobraziliense.com.br\/servidor\/wp-json\/wp\/v2\/types\/post"}],"author":[{"embeddable":true,"href":"https:\/\/blogs.correiobraziliense.com.br\/servidor\/wp-json\/wp\/v2\/users\/27"}],"replies":[{"embeddable":true,"href":"https:\/\/blogs.correiobraziliense.com.br\/servidor\/wp-json\/wp\/v2\/comments?post=8074"}],"version-history":[{"count":1,"href":"https:\/\/blogs.correiobraziliense.com.br\/servidor\/wp-json\/wp\/v2\/posts\/8074\/revisions"}],"predecessor-version":[{"id":8075,"href":"https:\/\/blogs.correiobraziliense.com.br\/servidor\/wp-json\/wp\/v2\/posts\/8074\/revisions\/8075"}],"wp:attachment":[{"href":"https:\/\/blogs.correiobraziliense.com.br\/servidor\/wp-json\/wp\/v2\/media?parent=8074"}],"wp:term":[{"taxonomy":"category","embeddable":true,"href":"https:\/\/blogs.correiobraziliense.com.br\/servidor\/wp-json\/wp\/v2\/categories?post=8074"},{"taxonomy":"post_tag","embeddable":true,"href":"https:\/\/blogs.correiobraziliense.com.br\/servidor\/wp-json\/wp\/v2\/tags?post=8074"}],"curies":[{"name":"wp","href":"https:\/\/api.w.org\/{rel}","templated":true}]}}