{"id":807,"date":"2016-01-22T18:56:56","date_gmt":"2016-01-22T20:56:56","guid":{"rendered":"https:\/\/blogs.correiobraziliense.com.br\/servidor\/?p=807"},"modified":"2016-01-22T18:56:56","modified_gmt":"2016-01-22T20:56:56","slug":"metalurgicos-contra-reducao-de-30-na-plr-da-general-motors","status":"publish","type":"post","link":"https:\/\/blogs.correiobraziliense.com.br\/servidor\/metalurgicos-contra-reducao-de-30-na-plr-da-general-motors\/","title":{"rendered":"METAL\u00daRGICOS CONTRA REDU\u00c7\u00c3O DE 30% NA PLR DA GENERAL MOTORS"},"content":{"rendered":"<p><em>Trabalhadores est\u00e3o em greve<\/em><\/p>\n<p>&nbsp;<\/p>\n<p>Em nota oficial, o Sindicato dos Metal\u00fargicos de S\u00e3o Jos\u00e9 dos Campos e Regi\u00e3o\u00a0informou que a\u00a0General Motors encerrou, na \u00faltima segunda-feira (18), as negocia\u00e7\u00f5es com a entidade. Estava em pauta a segunda parcela da PLR (Participa\u00e7\u00e3o nos Lucros e Resultados) 2015. O impasse se deu pelo fato de a GM propor a redu\u00e7\u00e3o de 30% no valor da PLR, em rela\u00e7\u00e3o a 2014. Por isso, a ampla maioria dos trabalhadores da f\u00e1brica aprovou, em assembleia democr\u00e1tica, a deflagra\u00e7\u00e3o da greve.<\/p>\n<p>&nbsp;<\/p>\n<p>A GM \u00e9 a \u00fanica grande montadora com planta no pa\u00eds a buscar a redu\u00e7\u00e3o da PLR dos trabalhadores, segundo o sindicato. As outras mantiveram o valor de 2014 ou corrigiram pelo INPC. J\u00e1 a General Motors quer reduzir em 30% o valor. Em 2014, a empresa pagou R$ 13.000 de PLR. Em 2015, est\u00e1 tentando reduzir para R$ 10.000, justamente no momento em que os trabalhadores j\u00e1 est\u00e3o sendo penalizados com a explos\u00e3o da infla\u00e7\u00e3o no pa\u00eds.<\/p>\n<p>&nbsp;<\/p>\n<p>&#8220;\u00c9 preciso ressaltar que essa postura n\u00e3o encontra respaldo na real situa\u00e7\u00e3o financeira da empresa. A GM teve o carro mais vendido do pa\u00eds no ano de 2015, \u00e9 a segunda maior em vendas e, principalmente, acaba de aumentar de US$ 5 bilh\u00f5es para US$ 9 bilh\u00f5es o repasse a seus acionistas. A f\u00e1brica de S\u00e3o Jos\u00e9 dos Campos tem um faturamento anual de cerca de R$ 6 bilh\u00f5es (em 2015). Aqui se produz os carros mais caros da companhia no pa\u00eds, os modelos S10 e Trailblazer, que chegam a custar R$ 180 mil, al\u00e9m da produ\u00e7\u00e3o de mais de 200 mil motores e 400 mil transmiss\u00f5es em 2015&#8221;, destacou o documento.<\/p>\n<p>&nbsp;<\/p>\n<p>A nota diz ainda que, mesmo tendo sido beneficiada, durante todo o governo Dilma, com uma longa sequ\u00eancia de incentivos fiscais,\u00a0 a GM fechou mais de 6 mil postos de trabalho no per\u00edodo de 2011 a 2015 em suas plantas de S\u00e3o Caetano, S\u00e3o Jos\u00e9 dos Campos e Gravata\u00ed.<\/p>\n<p>&nbsp;<\/p>\n<p>Diante de todo esse cen\u00e1rio, o sindicato reafirma a necessidade dos trabalhadores permanecerem em luta por uma PLR maior e por estabilidade no emprego.<\/p>\n<p>&nbsp;<\/p>\n<p>&#8220;A greve segue com toda for\u00e7a, com a f\u00e1brica totalmente paralisada. Os trabalhadores sequer t\u00eam comparecido ao port\u00e3o da empresa. Este \u00e9 um movimento legal, pac\u00edfico, em que os metal\u00fargicos demonstram toda sua indigna\u00e7\u00e3o contra a intransig\u00eancia e gan\u00e2ncia da GM,\u00a0 apesar do ass\u00e9dio moral que os supervisores est\u00e3o fazendo sobre os trabalhadores&#8221;, destacou a entidade sindical.<\/p>\n<p>&nbsp;<\/p>\n<p>Na pr\u00f3xima segunda-feira (25), \u00e0s 14h, o Sindicato dos Metal\u00fargicos de S\u00e3o Jos\u00e9 dos Campos participar\u00e1 da audi\u00eancia de concilia\u00e7\u00e3o no Tribunal Regional do Trabalho \u2013 15\u00aa. Regi\u00e3o, em Campinas, para buscar uma tentativa de acordo. &#8220;Esperamos que a GM deixe de lado esse endurecimento e atenda \u00e0s reivindica\u00e7\u00f5es dos trabalhadores. Vamos reivindicar o aumento da PLR, o pagamento de todos os dias parados e estabilidade no emprego&#8221;.<\/p>\n<p>&nbsp;<\/p>\n<p>Em S\u00e3o Jos\u00e9 dos Campos, cerca de 600 metal\u00fargicos da GM est\u00e3o em lay-off. Eles j\u00e1 haviam sido demitidos em agosto do ano passado, mas ap\u00f3s 14 dias de greve, a empresa teve de recuar. &#8220;Em nossa opini\u00e3o, a GM vai fazer novamente as demiss\u00f5es. Neste momento em que o pa\u00eds atravessa uma crise econ\u00f4mica e pol\u00edtica, governo e patr\u00f5es querem empurrar a conta para os trabalhadores. Nossa luta n\u00e3o \u00e9 s\u00f3 por PLR. \u00c9 tamb\u00e9m contra as demiss\u00f5es. Defendemos que a presidente Dilma Rousseff (PT) assine uma medida provis\u00f3ria que pro\u00edba as empresas de demitirem e enviarem seus lucros para o exterior&#8221;, conclui a nota.<\/p>\n","protected":false},"excerpt":{"rendered":"<p>Trabalhadores est\u00e3o em greve &nbsp; Em nota oficial, o Sindicato dos Metal\u00fargicos de S\u00e3o Jos\u00e9 dos Campos e Regi\u00e3o\u00a0informou que a\u00a0General Motors encerrou, na \u00faltima segunda-feira (18), as negocia\u00e7\u00f5es com a entidade. Estava em pauta a segunda parcela da PLR (Participa\u00e7\u00e3o nos Lucros e Resultados) 2015. O impasse se deu pelo fato de a GM propor a redu\u00e7\u00e3o de 30% [&hellip;]<\/p>\n","protected":false},"author":27,"featured_media":0,"comment_status":"open","ping_status":"closed","sticky":false,"template":"","format":"standard","meta":{"footnotes":""},"categories":[1],"tags":[177,471,15,128,470,325,19],"class_list":["post-807","post","type-post","status-publish","format-standard","hentry","category-sem-categoria","tag-contra","tag-gm","tag-greve","tag-metalurgicos","tag-plr","tag-reducao","tag-trabalhadores"],"_links":{"self":[{"href":"https:\/\/blogs.correiobraziliense.com.br\/servidor\/wp-json\/wp\/v2\/posts\/807","targetHints":{"allow":["GET"]}}],"collection":[{"href":"https:\/\/blogs.correiobraziliense.com.br\/servidor\/wp-json\/wp\/v2\/posts"}],"about":[{"href":"https:\/\/blogs.correiobraziliense.com.br\/servidor\/wp-json\/wp\/v2\/types\/post"}],"author":[{"embeddable":true,"href":"https:\/\/blogs.correiobraziliense.com.br\/servidor\/wp-json\/wp\/v2\/users\/27"}],"replies":[{"embeddable":true,"href":"https:\/\/blogs.correiobraziliense.com.br\/servidor\/wp-json\/wp\/v2\/comments?post=807"}],"version-history":[{"count":1,"href":"https:\/\/blogs.correiobraziliense.com.br\/servidor\/wp-json\/wp\/v2\/posts\/807\/revisions"}],"predecessor-version":[{"id":808,"href":"https:\/\/blogs.correiobraziliense.com.br\/servidor\/wp-json\/wp\/v2\/posts\/807\/revisions\/808"}],"wp:attachment":[{"href":"https:\/\/blogs.correiobraziliense.com.br\/servidor\/wp-json\/wp\/v2\/media?parent=807"}],"wp:term":[{"taxonomy":"category","embeddable":true,"href":"https:\/\/blogs.correiobraziliense.com.br\/servidor\/wp-json\/wp\/v2\/categories?post=807"},{"taxonomy":"post_tag","embeddable":true,"href":"https:\/\/blogs.correiobraziliense.com.br\/servidor\/wp-json\/wp\/v2\/tags?post=807"}],"curies":[{"name":"wp","href":"https:\/\/api.w.org\/{rel}","templated":true}]}}