{"id":8068,"date":"2018-01-31T14:45:20","date_gmt":"2018-01-31T16:45:20","guid":{"rendered":"https:\/\/blogs.correiobraziliense.com.br\/servidor\/?p=8068"},"modified":"2018-01-31T14:45:20","modified_gmt":"2018-01-31T16:45:20","slug":"centrais-sindicais-jornada-nacional-de-luta-contra-reforma-da-previdencia","status":"publish","type":"post","link":"https:\/\/blogs.correiobraziliense.com.br\/servidor\/centrais-sindicais-jornada-nacional-de-luta-contra-reforma-da-previdencia\/","title":{"rendered":"Centrais sindicais &#8211; Jornada Nacional de Luta contra a Reforma da Previd\u00eancia"},"content":{"rendered":"<p><em>Em reuni\u00e3o nesta manh\u00e3 (31), as centrais sindicais (CSB, CTB, CUT, For\u00e7a Sindical, Nova Central, UGT, Intersindical) aprovaram uma Jornada Nacional de Luta contra a Reforma da Previd\u00eancia. Repudiaram &#8220;a campanha enganosa do governo Michel Temer para aprovar&#8221; o texto que tramita no Congresso e marcaram para\u00a0<span id=\"OBJ_PREFIX_DWT802_com_zimbra_date\" class=\"Object\">19 de fevereiro<\/span>\u00a0um Dia Nacional de Luta<\/em><\/p>\n<p>Com a palavra de ordem \u201cSe botar pra votar, o Brasil vai parar\u201d, as centrais orientam suas bases a entrarem em estado de alerta e mobiliza\u00e7\u00e3o nacional imediata, com assembleias, plen\u00e1rias regionais e estaduais, panfletagens, blitz nos aeroportos, press\u00e3o nas bases dos parlamentares e refor\u00e7o na press\u00e3o no Congresso Nacional.<\/p>\n<p>As centrais sindicais conclamam suas bases a refor\u00e7ar o trabalho de comunica\u00e7\u00e3o e esclarecimento sobre os graves impactos da \u201creforma\u201d na vida dos trabalhadores e trabalhadoras.<\/p>\n<p>&#8220;A unidade, resist\u00eancia e luta ser\u00e3o fundamentais para barrarmos mais esse retrocesso, destacam.<\/p>\n<p>Assinam a convoca\u00e7\u00e3o:<\/p>\n<p><b>Antonio Neto, presidente da CSB<\/p>\n<p>Adilson Ara\u00fajo, presidente da CTB<\/p>\n<p>Wagner Freitas, presidente da CUT<\/p>\n<p>Paulo Pereira da Silva (Paulinho da For\u00e7a), presidente da For\u00e7a Sindical<\/p>\n<p>Jos\u00e9 Calixto Ramos, presidente da Nova Central<br \/>\nRicardo Patah, presidente da UGT<\/b><\/p>\n","protected":false},"excerpt":{"rendered":"<p>Em reuni\u00e3o nesta manh\u00e3 (31), as centrais sindicais (CSB, CTB, CUT, For\u00e7a Sindical, Nova Central, UGT, Intersindical) aprovaram uma Jornada Nacional de Luta contra a Reforma da Previd\u00eancia. Repudiaram &#8220;a campanha enganosa do governo Michel Temer para aprovar&#8221; o texto que tramita no Congresso e marcaram para\u00a019 de fevereiro\u00a0um Dia Nacional de Luta Com a palavra de ordem \u201cSe botar [&hellip;]<\/p>\n","protected":false},"author":27,"featured_media":0,"comment_status":"open","ping_status":"closed","sticky":false,"template":"","format":"standard","meta":{"footnotes":""},"categories":[2719],"tags":[138,1257,164,305,1259,100,1723,2383,999,870,98,3327,10942,481,2967,1888,1260,2966],"class_list":["post-8068","post","type-post","status-publish","format-standard","hentry","category-servidor","tag-alerta","tag-bases","tag-brasil","tag-campanha","tag-centrais","tag-congresso","tag-csb","tag-ctb","tag-cut","tag-forca-sindical","tag-governo","tag-intersindical","tag-jornada-nacional-de-luta-contra-a-reforma-da-previdencia","tag-mobilizacao","tag-nova-central","tag-parar","tag-sindicais","tag-ugt"],"_links":{"self":[{"href":"https:\/\/blogs.correiobraziliense.com.br\/servidor\/wp-json\/wp\/v2\/posts\/8068","targetHints":{"allow":["GET"]}}],"collection":[{"href":"https:\/\/blogs.correiobraziliense.com.br\/servidor\/wp-json\/wp\/v2\/posts"}],"about":[{"href":"https:\/\/blogs.correiobraziliense.com.br\/servidor\/wp-json\/wp\/v2\/types\/post"}],"author":[{"embeddable":true,"href":"https:\/\/blogs.correiobraziliense.com.br\/servidor\/wp-json\/wp\/v2\/users\/27"}],"replies":[{"embeddable":true,"href":"https:\/\/blogs.correiobraziliense.com.br\/servidor\/wp-json\/wp\/v2\/comments?post=8068"}],"version-history":[{"count":1,"href":"https:\/\/blogs.correiobraziliense.com.br\/servidor\/wp-json\/wp\/v2\/posts\/8068\/revisions"}],"predecessor-version":[{"id":8069,"href":"https:\/\/blogs.correiobraziliense.com.br\/servidor\/wp-json\/wp\/v2\/posts\/8068\/revisions\/8069"}],"wp:attachment":[{"href":"https:\/\/blogs.correiobraziliense.com.br\/servidor\/wp-json\/wp\/v2\/media?parent=8068"}],"wp:term":[{"taxonomy":"category","embeddable":true,"href":"https:\/\/blogs.correiobraziliense.com.br\/servidor\/wp-json\/wp\/v2\/categories?post=8068"},{"taxonomy":"post_tag","embeddable":true,"href":"https:\/\/blogs.correiobraziliense.com.br\/servidor\/wp-json\/wp\/v2\/tags?post=8068"}],"curies":[{"name":"wp","href":"https:\/\/api.w.org\/{rel}","templated":true}]}}