{"id":8066,"date":"2018-01-31T11:29:34","date_gmt":"2018-01-31T13:29:34","guid":{"rendered":"https:\/\/blogs.correiobraziliense.com.br\/servidor\/?p=8066"},"modified":"2018-01-31T11:29:34","modified_gmt":"2018-01-31T13:29:34","slug":"mpog-nomeacao-na-abgf","status":"publish","type":"post","link":"https:\/\/blogs.correiobraziliense.com.br\/servidor\/mpog-nomeacao-na-abgf\/","title":{"rendered":"MPOG &#8211; Nomea\u00e7\u00e3o na ABGF"},"content":{"rendered":"<p><em>O Minist\u00e9rio do Planejamento, por meio de nota, informou que ministro Dyogo Oliveira nomeou Guilherme Estrada Rodrigues para a presid\u00eancia da Ag\u00eancia Brasileira Gestora de Fundos Garantidores e Garantias S\/A (ABGF), no lugar de Marcelo Pinheiro Franco, que estava\u00a0\u00e0 frente da ABGF desde 27 de agosto de 2013<\/em><\/p>\n<p>Guilherme Estrada Rodrigues \u00e9 procurador federal de carreira, ocupou diversos cargos na Administra\u00e7\u00e3o P\u00fablica Federal, inclusive os de secret\u00e1rio-executivo adjunto e assessor especial do ministro do Planejamento, Desenvolvimento e Gest\u00e3o. Foi, tamb\u00e9m, membro do Conselho de Administra\u00e7\u00e3o do IRB Brasil RE e da Caixa Seguridade S\/A.<\/p>\n<p>&#8220;Finalizada a implementa\u00e7\u00e3o e consolidada a estrutura da ABGF, caber\u00e1 \u00e0 nova gest\u00e3o intensificar o processo de aproxima\u00e7\u00e3o da empresa com o mercado, tornando-se elemento facilitador para investimentos na infraestrutura do pa\u00eds, inclusive por meio do desenho de instrumentos que deem maior seguran\u00e7a aos investidores externos.\u00a0A\u00a0ABGF continuar\u00e1 dando apoio \u00e0s exporta\u00e7\u00f5es nacionais de bens e servi\u00e7os e \u00e0s opera\u00e7\u00f5es agr\u00edcolas, cobrindo, de forma suplementar, os riscos de eventos clim\u00e1ticos extremos&#8221;, destaca a nota.<\/p>\n","protected":false},"excerpt":{"rendered":"<p>O Minist\u00e9rio do Planejamento, por meio de nota, informou que ministro Dyogo Oliveira nomeou Guilherme Estrada Rodrigues para a presid\u00eancia da Ag\u00eancia Brasileira Gestora de Fundos Garantidores e Garantias S\/A (ABGF), no lugar de Marcelo Pinheiro Franco, que estava\u00a0\u00e0 frente da ABGF desde 27 de agosto de 2013 Guilherme Estrada Rodrigues \u00e9 procurador federal de carreira, ocupou diversos cargos na [&hellip;]<\/p>\n","protected":false},"author":27,"featured_media":0,"comment_status":"open","ping_status":"closed","sticky":false,"template":"","format":"standard","meta":{"footnotes":""},"categories":[2719],"tags":[10937,10608,10938,3415,10941,2986,564,4526,1552,10940,10939,315,487,9541,1619,1008,489,141,2421,200,307,686,81,2399,1379,2993],"class_list":["post-8066","post","type-post","status-publish","format-standard","hentry","category-servidor","tag-abgf","tag-agricolas","tag-aproximacao","tag-bens","tag-climaticos","tag-empresa","tag-estrutura","tag-eventos","tag-exportacoes","tag-externos","tag-facilitador","tag-gestao","tag-infraestrutura","tag-instrumentos","tag-investidores","tag-investimentos","tag-mercado","tag-ministerio-do-planejamento","tag-mpog","tag-nacionais","tag-nomeacao","tag-operacoes","tag-presidente","tag-riscos","tag-servicos","tag-suplementar"],"_links":{"self":[{"href":"https:\/\/blogs.correiobraziliense.com.br\/servidor\/wp-json\/wp\/v2\/posts\/8066","targetHints":{"allow":["GET"]}}],"collection":[{"href":"https:\/\/blogs.correiobraziliense.com.br\/servidor\/wp-json\/wp\/v2\/posts"}],"about":[{"href":"https:\/\/blogs.correiobraziliense.com.br\/servidor\/wp-json\/wp\/v2\/types\/post"}],"author":[{"embeddable":true,"href":"https:\/\/blogs.correiobraziliense.com.br\/servidor\/wp-json\/wp\/v2\/users\/27"}],"replies":[{"embeddable":true,"href":"https:\/\/blogs.correiobraziliense.com.br\/servidor\/wp-json\/wp\/v2\/comments?post=8066"}],"version-history":[{"count":1,"href":"https:\/\/blogs.correiobraziliense.com.br\/servidor\/wp-json\/wp\/v2\/posts\/8066\/revisions"}],"predecessor-version":[{"id":8067,"href":"https:\/\/blogs.correiobraziliense.com.br\/servidor\/wp-json\/wp\/v2\/posts\/8066\/revisions\/8067"}],"wp:attachment":[{"href":"https:\/\/blogs.correiobraziliense.com.br\/servidor\/wp-json\/wp\/v2\/media?parent=8066"}],"wp:term":[{"taxonomy":"category","embeddable":true,"href":"https:\/\/blogs.correiobraziliense.com.br\/servidor\/wp-json\/wp\/v2\/categories?post=8066"},{"taxonomy":"post_tag","embeddable":true,"href":"https:\/\/blogs.correiobraziliense.com.br\/servidor\/wp-json\/wp\/v2\/tags?post=8066"}],"curies":[{"name":"wp","href":"https:\/\/api.w.org\/{rel}","templated":true}]}}