{"id":8058,"date":"2018-01-30T21:13:49","date_gmt":"2018-01-30T23:13:49","guid":{"rendered":"https:\/\/blogs.correiobraziliense.com.br\/servidor\/?p=8058"},"modified":"2018-01-30T21:13:49","modified_gmt":"2018-01-30T23:13:49","slug":"carreiras-de-estado-nas-midias-sociais-combatem-discurso-oficial-sobre-reforma-da-previdencia","status":"publish","type":"post","link":"https:\/\/blogs.correiobraziliense.com.br\/servidor\/carreiras-de-estado-nas-midias-sociais-combatem-discurso-oficial-sobre-reforma-da-previdencia\/","title":{"rendered":"Carreiras de Estado nas m\u00eddias sociais combatem discurso oficial sobre reforma da Previd\u00eancia"},"content":{"rendered":"<p>Com o t\u00edtulo &#8220;Carreiras de Estado desmascaram farsa da Reforma da Previd\u00eancia&#8221;, servidores p\u00fablicos federais rebatem os &#8220;dados inconsistentes levados de forma irrespons\u00e1vel pelo presidente Temer a programas de audit\u00f3rio na TV, onde chegou a simular a compra inescrupulosa de apoio \u00e0 proposta do governo&#8221; e dizem\u00a0N\u00e3o \u00e0 PEC 287\/2016\u00a0<a class=\"_58cn\" href=\"https:\/\/www.facebook.com\/hashtag\/nenhumdireitoamenos?source=feed_text&amp;story_id=1567935093282331\"><span class=\"_5afx\"><span class=\"_58cl _5afz\">#<\/span><span class=\"_58cm\">NenhumDireitoAmenos<\/span><\/span><\/a>\u00a0<a class=\"_58cn\" href=\"https:\/\/www.facebook.com\/hashtag\/n%C3%A3o%C3%A0reformadaprevid%C3%AAncia?source=feed_text&amp;story_id=1567935093282331\"><span class=\"_5afx\"><span class=\"_58cl _5afz\">#<\/span><span class=\"_58cm\">N\u00e3o\u00c0reformaDaPrevid\u00eancia<\/span><\/span><\/a>\u00a0<a class=\"_58cn\" href=\"https:\/\/www.facebook.com\/hashtag\/compartilhe?source=feed_text&amp;story_id=1567935093282331\"><span class=\"_5afx\"><span class=\"_58cl _5afz\">#<\/span><span class=\"_58cm\">Compartilhe<\/span><\/span><\/a><\/p>\n<p>Veja o v\u00eddeo:<\/p>\n<p>https:\/\/www.facebook.com\/fonacate\/videos\/1567935093282331\/<\/p>\n<p>&nbsp;<\/p>\n","protected":false},"excerpt":{"rendered":"<p>Com o t\u00edtulo &#8220;Carreiras de Estado desmascaram farsa da Reforma da Previd\u00eancia&#8221;, servidores p\u00fablicos federais rebatem os &#8220;dados inconsistentes levados de forma irrespons\u00e1vel pelo presidente Temer a programas de audit\u00f3rio na TV, onde chegou a simular a compra inescrupulosa de apoio \u00e0 proposta do governo&#8221; e dizem\u00a0N\u00e3o \u00e0 PEC 287\/2016\u00a0#NenhumDireitoAmenos\u00a0#N\u00e3o\u00c0reformaDaPrevid\u00eancia\u00a0#Compartilhe Veja o v\u00eddeo: https:\/\/www.facebook.com\/fonacate\/videos\/1567935093282331\/ &nbsp;<\/p>\n","protected":false},"author":27,"featured_media":0,"comment_status":"open","ping_status":"closed","sticky":false,"template":"","format":"standard","meta":{"footnotes":""},"categories":[2719],"tags":[792,2065,55,10919,723,167,10920,2204,56,124,10921,10922,8835,94,4662,81,1636,241,9727,8,6559],"class_list":["post-8058","post","type-post","status-publish","format-standard","hentry","category-servidor","tag-apoio","tag-auditorio","tag-carreiras","tag-combatem","tag-compra","tag-dados","tag-desmascaram","tag-discurso","tag-estado","tag-federal","tag-inconsistentes","tag-inescrupulosa","tag-irresponsavel","tag-oficial","tag-pec-2872016","tag-presidente","tag-programas","tag-publico","tag-reforma-da-previdencia","tag-servidor","tag-tv"],"_links":{"self":[{"href":"https:\/\/blogs.correiobraziliense.com.br\/servidor\/wp-json\/wp\/v2\/posts\/8058","targetHints":{"allow":["GET"]}}],"collection":[{"href":"https:\/\/blogs.correiobraziliense.com.br\/servidor\/wp-json\/wp\/v2\/posts"}],"about":[{"href":"https:\/\/blogs.correiobraziliense.com.br\/servidor\/wp-json\/wp\/v2\/types\/post"}],"author":[{"embeddable":true,"href":"https:\/\/blogs.correiobraziliense.com.br\/servidor\/wp-json\/wp\/v2\/users\/27"}],"replies":[{"embeddable":true,"href":"https:\/\/blogs.correiobraziliense.com.br\/servidor\/wp-json\/wp\/v2\/comments?post=8058"}],"version-history":[{"count":1,"href":"https:\/\/blogs.correiobraziliense.com.br\/servidor\/wp-json\/wp\/v2\/posts\/8058\/revisions"}],"predecessor-version":[{"id":8059,"href":"https:\/\/blogs.correiobraziliense.com.br\/servidor\/wp-json\/wp\/v2\/posts\/8058\/revisions\/8059"}],"wp:attachment":[{"href":"https:\/\/blogs.correiobraziliense.com.br\/servidor\/wp-json\/wp\/v2\/media?parent=8058"}],"wp:term":[{"taxonomy":"category","embeddable":true,"href":"https:\/\/blogs.correiobraziliense.com.br\/servidor\/wp-json\/wp\/v2\/categories?post=8058"},{"taxonomy":"post_tag","embeddable":true,"href":"https:\/\/blogs.correiobraziliense.com.br\/servidor\/wp-json\/wp\/v2\/tags?post=8058"}],"curies":[{"name":"wp","href":"https:\/\/api.w.org\/{rel}","templated":true}]}}