{"id":8055,"date":"2018-01-30T20:50:04","date_gmt":"2018-01-30T22:50:04","guid":{"rendered":"https:\/\/blogs.correiobraziliense.com.br\/servidor\/?p=8055"},"modified":"2018-01-30T20:50:04","modified_gmt":"2018-01-30T22:50:04","slug":"auditores-da-receita-federal-de-sao-paulo-cruzam-os-bracos-em-protesto","status":"publish","type":"post","link":"https:\/\/blogs.correiobraziliense.com.br\/servidor\/auditores-da-receita-federal-de-sao-paulo-cruzam-os-bracos-em-protesto\/","title":{"rendered":"Auditores da Receita Federal de S\u00e3o Paulo cruzam os bra\u00e7os em protesto"},"content":{"rendered":"<p><em>O Sindicato Nacional dos Auditores Fiscais da Receita Federal (Sindifisco) apoiou a iniciativa dos chefes de fiscaliza\u00e7\u00e3o paulistas que decidiram n\u00e3o cadastrar as metas de 2018, at\u00e9 que o b\u00f4nus de efici\u00eancia &#8211; R$ 3 mil por m\u00eas al\u00e9m dos sal\u00e1rios &#8211; seja regulamentado. A entidade sindical convoca as demais regi\u00f5es a aderir ao movimento<\/em><\/p>\n<p>Veja a nota:<\/p>\n<p>&#8220;O Sindifisco Nacional apoia a iniciativa dos Auditores Fiscais chefes da Fiscaliza\u00e7\u00e3o da 8\u00aa Regi\u00e3o Fiscal que decidiram por n\u00e3o atender a Portaria RFB\/Sufis n\u00aa 87\/2018, que disp\u00f5e sobre planejamento, diretrizes e metas da fiscaliza\u00e7\u00e3o em 2018. Diante da n\u00e3o publica\u00e7\u00e3o do Decreto que regulamenta o B\u00f4nus de Efici\u00eancia e a Progress\u00e3o da Carreira, os Auditores em cargos de chefia informaram \u00e0 Administra\u00e7\u00e3o que n\u00e3o v\u00e3o cadastrar as referidas metas, conforme estabelece a norma, no Sistema de Fiscaliza\u00e7\u00e3o.<\/p>\n<p>O comunicado foi encaminhado \u00e0 Administra\u00e7\u00e3o no dia 30 de janeiro, oito dias depois da publica\u00e7\u00e3o da Portaria.<\/p>\n<p>A DEN entende que a decis\u00e3o est\u00e1 de acordo com as delibera\u00e7\u00f5es da categoria em Assembleia Nacional e ainda atende \u00e0 nota do CNM (Comando Nacional de Mobiliza\u00e7\u00e3o), divulgada no dia 26 de janeiro, que orientou que os Auditores Fiscais, chefes e substitutos dos servi\u00e7os de fiscaliza\u00e7\u00e3o e todos os demais respons\u00e1veis a n\u00e3o efetuar o cadastramento de metas de fiscaliza\u00e7\u00e3o para o ano de 2018 no sistema e nem participar de reuni\u00f5es de planejamento e organiza\u00e7\u00e3o desses trabalhos no \u00e2mbito de suas regi\u00f5es fiscais at\u00e9 o cumprimento do acordo.<\/p>\n<p>A DEN entende que a publica\u00e7\u00e3o da Portaria veio em momento inoportuno, uma vez que n\u00e3o existe clima de normalidade dentro da Casa em fun\u00e7\u00e3o do n\u00e3o cumprimento do acordo.<\/p>\n<p>Ainda diante dos fatos, a Dire\u00e7\u00e3o Nacional conclama as equipes de fiscaliza\u00e7\u00e3o das demais Regi\u00f5es Fiscais a aderirem ao movimento. O Sindifisco Nacional avaliou que a publica\u00e7\u00e3o da Portaria demonstrou desrespeito \u00e0 categoria, que h\u00e1 tr\u00eas anos est\u00e1 em Campanha Salarial pela valoriza\u00e7\u00e3o do cargo e luta, tamb\u00e9m, pelo fortalecimento da Administra\u00e7\u00e3o Tribut\u00e1ria. &#8220;<\/p>\n","protected":false},"excerpt":{"rendered":"<p>O Sindicato Nacional dos Auditores Fiscais da Receita Federal (Sindifisco) apoiou a iniciativa dos chefes de fiscaliza\u00e7\u00e3o paulistas que decidiram n\u00e3o cadastrar as metas de 2018, at\u00e9 que o b\u00f4nus de efici\u00eancia &#8211; R$ 3 mil por m\u00eas al\u00e9m dos sal\u00e1rios &#8211; seja regulamentado. A entidade sindical convoca as demais regi\u00f5es a aderir ao movimento Veja a nota: &#8220;O Sindifisco [&hellip;]<\/p>\n","protected":false},"author":27,"featured_media":0,"comment_status":"open","ping_status":"closed","sticky":false,"template":"","format":"standard","meta":{"footnotes":""},"categories":[2719],"tags":[648,10918,5151,791,188,2313,3065,1172,940,2045,3,1167,718,294,923,597],"class_list":["post-8055","post","type-post","status-publish","format-standard","hentry","category-servidor","tag-auditores-fiscais","tag-bonus-de-eficiencia-progressao","tag-cadastrar","tag-cargos","tag-carreira","tag-chefes","tag-chefia","tag-decreto","tag-fiscalizacao","tag-metas","tag-planejamento","tag-portaria","tag-protesto","tag-receita-federal","tag-regulamentacao","tag-sindifisco"],"_links":{"self":[{"href":"https:\/\/blogs.correiobraziliense.com.br\/servidor\/wp-json\/wp\/v2\/posts\/8055","targetHints":{"allow":["GET"]}}],"collection":[{"href":"https:\/\/blogs.correiobraziliense.com.br\/servidor\/wp-json\/wp\/v2\/posts"}],"about":[{"href":"https:\/\/blogs.correiobraziliense.com.br\/servidor\/wp-json\/wp\/v2\/types\/post"}],"author":[{"embeddable":true,"href":"https:\/\/blogs.correiobraziliense.com.br\/servidor\/wp-json\/wp\/v2\/users\/27"}],"replies":[{"embeddable":true,"href":"https:\/\/blogs.correiobraziliense.com.br\/servidor\/wp-json\/wp\/v2\/comments?post=8055"}],"version-history":[{"count":1,"href":"https:\/\/blogs.correiobraziliense.com.br\/servidor\/wp-json\/wp\/v2\/posts\/8055\/revisions"}],"predecessor-version":[{"id":8056,"href":"https:\/\/blogs.correiobraziliense.com.br\/servidor\/wp-json\/wp\/v2\/posts\/8055\/revisions\/8056"}],"wp:attachment":[{"href":"https:\/\/blogs.correiobraziliense.com.br\/servidor\/wp-json\/wp\/v2\/media?parent=8055"}],"wp:term":[{"taxonomy":"category","embeddable":true,"href":"https:\/\/blogs.correiobraziliense.com.br\/servidor\/wp-json\/wp\/v2\/categories?post=8055"},{"taxonomy":"post_tag","embeddable":true,"href":"https:\/\/blogs.correiobraziliense.com.br\/servidor\/wp-json\/wp\/v2\/tags?post=8055"}],"curies":[{"name":"wp","href":"https:\/\/api.w.org\/{rel}","templated":true}]}}