{"id":8038,"date":"2018-01-26T16:13:55","date_gmt":"2018-01-26T18:13:55","guid":{"rendered":"https:\/\/blogs.correiobraziliense.com.br\/servidor\/?p=8038"},"modified":"2018-01-26T16:13:55","modified_gmt":"2018-01-26T18:13:55","slug":"aprovadas-resolucoes-para-reforco-da-governanca-nas-estatais","status":"publish","type":"post","link":"https:\/\/blogs.correiobraziliense.com.br\/servidor\/aprovadas-resolucoes-para-reforco-da-governanca-nas-estatais\/","title":{"rendered":"Aprovadas resolu\u00e7\u00f5es para refor\u00e7o da governan\u00e7a nas estatais"},"content":{"rendered":"<p><em>Mudan\u00e7as entrar\u00e3o gradualmente em vigor nos pr\u00f3ximos 4 anos.\u00a0O custeio dos planos de assist\u00eancia \u00e0 sa\u00fade nas estatais federais vai mudar.\u00a0 Ao longo dos pr\u00f3ximos quatro anos, as empresas ter\u00e3o que adequar seus gastos a um limite previamente fixado. Esse tamb\u00e9m \u00e9 o tempo em que passa a vigorar a paridade entre a contribui\u00e7\u00e3o do empregador e a contribui\u00e7\u00e3o do empregado nas diversas modalidades de assist\u00eancia \u00e0 sa\u00fade hoje existentes, informou o Minist\u00e9rio do Planejamento<\/em><\/p>\n<p>As novas exig\u00eancias constam das resolu\u00e7\u00f5es aprovadas pela Comiss\u00e3o interministerial de Governan\u00e7a e de Administra\u00e7\u00e3o de Participa\u00e7\u00f5es Societ\u00e1rias da Uni\u00e3o (CGPAR), publicadas nesta sexta-feira (25) no Di\u00e1rio Oficial da Uni\u00e3o. As tr\u00eas resolu\u00e7\u00f5es t\u00eam o objetivo de aperfei\u00e7oar a a\u00e7\u00e3o do governo no papel de acionista e garantir maior transpar\u00eancia no relacionamento com empresas estatais federais, destaca o Minist\u00e9rio.<\/p>\n<p>A\u00a0<a href=\"http:\/\/www.imprensanacional.gov.br\/web\/guest\/consulta?p_p_id=101&amp;p_p_lifecycle=0&amp;p_p_state=maximized&amp;p_p_mode=view&amp;_101_struts_action=%2Fasset_publisher%2Fview_content&amp;_101_returnToFullPageURL=http%3A%2F%2Fwww.imprensanacional.gov.br%2Fweb%2Fguest%2Fconsulta%3Fp_auth%3DZwmqpFt8%26p_p_id%3D3%26p_p_lifecycle%3D1%26p_p_state%3Dnormal%26p_p_state_rcv%3D1&amp;_101_assetEntryId=2154701&amp;_101_type=content&amp;_101_groupId=68942&amp;_101_urlTitle=resolucao-n-21-de-18-de-janeiro-de-2018-2154697&amp;_101_redirect=http%3A%2F%2Fwww.imprensanacional.gov.br%2Fweb%2Fguest%2Fconsulta%3Fp_p_id%3D3%26p_p_lifecycle%3D0%26p_p_state%3Dmaximized%26p_p_mode%3Dview%26_3_entryClassName%3D%26_3_modifiedselection%3D1%26_3_keywords%3Dresolu%25C3%25A7%25C3%25A3o%2B23%2B22%2B21%2Bestatais%26_3_documentsSearchContainerPrimaryKeys%3D15_PORTLET_2154711%252C15_PORTLET_2149296%252C15_PORTLET_2149127%252C15_PORTLET_2149140%252C15_PORTLET_2149153%252C15_PORTLET_2151598%252C15_PORTLET_2149192%252C15_PORTLET_2149218%252C15_PORTLET_2149231%252C15_PORTLET_2149244%252C15_PORTLET_2149257%252C15_PORTLET_2149283%252C15_PORTLET_2149166%252C15_PORTLET_2149205%252C15_PORTLET_2149270%252C15_PORTLET_2144990%252C15_PORTLET_2146496%252C15_PORTLET_2151689%252C15_PORTLET_2151715%252C15_PORTLET_2151728%26_3_modifieddayFrom%3D26%26_3_ddm_21040_artCategory_pt_BR_sortable%3D%26_3_format%3D%26_3_modifiedfrom%3D26%252F01%252F2018%26_3_formDate%3D1516970680443%26_3_modified%3D%255B20180126000000%2BTO%2B20180126235959%255D%26_3_modifieddayTo%3D26%26_3_modifiedto%3D26%252F01%252F2018%26_3_groupId%3D0%26_3_ddm_21040_pubName_pt_BR_sortable%3D%26_3_ddm_21040_artType_pt_BR_sortable%3D%26_3_modifiedyearTo%3D2018%26_3_ddm_21040_artSection_pt_BR_sortable%3D%26_3_modifiedyearFrom%3D2018%26_3_modifiedmonthFrom%3D0%26_3_cur%3D1%26_3_struts_action%3D%252Fsearch%252Fsearch%26_3_modifiedmonthTo%3D0&amp;inheritRedirect=true\" target=\"_blank\">Resolu\u00e7\u00e3o n\u00ba 21<\/a>\u00a0disp\u00f5e sobre rod\u00edzio para titulares de \u00e1reas internas estrat\u00e9gicas das empresas estatais federais, quais sejam, auditoria interna,\u00a0<em>compliance<\/em>, conformidade e controle interno, gest\u00e3o de riscos, ouvidoria e corregedoria. O objetivo \u00e9 estabelecer um limite de tr\u00eas anos de atua\u00e7\u00e3o, admitida uma \u00fanica prorroga\u00e7\u00e3o, para as respectivas \u00e1reas e, consequentemente, garantir um funcionamento mais eficiente e comprometido com os interesses dos acionistas e da sociedade. A Resolu\u00e7\u00e3o recomenda que os administradores das empresas estatais federais adotem as provid\u00eancias que se fizerem necess\u00e1rias para cumprir no prazo de 180 dias a contar da sua publica\u00e7\u00e3o.<\/p>\n<p>As\u00a0<a href=\"http:\/\/www.imprensanacional.gov.br\/web\/guest\/consulta?p_p_id=101&amp;p_p_lifecycle=0&amp;p_p_state=maximized&amp;p_p_mode=view&amp;_101_struts_action=%2Fasset_publisher%2Fview_content&amp;_101_returnToFullPageURL=http%3A%2F%2Fwww.imprensanacional.gov.br%2Fweb%2Fguest%2Fconsulta%3Fp_auth%3DZwmqpFt8%26p_p_id%3D3%26p_p_lifecycle%3D1%26p_p_state%3Dnormal%26p_p_state_rcv%3D1&amp;_101_assetEntryId=2154727&amp;_101_type=content&amp;_101_groupId=68942&amp;_101_urlTitle=resolucao-n-22-de-18-de-janeiro-de-2018-2154723&amp;_101_redirect=http%3A%2F%2Fwww.imprensanacional.gov.br%2Fweb%2Fguest%2Fconsulta%3Fp_p_id%3D3%26p_p_lifecycle%3D0%26p_p_state%3Dmaximized%26p_p_mode%3Dview%26_3_entryClassName%3D%26_3_modifiedselection%3D1%26_3_keywords%3Dresolu%25C3%25A7%25C3%25A3o%2B23%2B22%2B21%2Bestatais%26_3_documentsSearchContainerPrimaryKeys%3D15_PORTLET_2154711%252C15_PORTLET_2149296%252C15_PORTLET_2149127%252C15_PORTLET_2149140%252C15_PORTLET_2149153%252C15_PORTLET_2151598%252C15_PORTLET_2149192%252C15_PORTLET_2149218%252C15_PORTLET_2149231%252C15_PORTLET_2149244%252C15_PORTLET_2149257%252C15_PORTLET_2149283%252C15_PORTLET_2149166%252C15_PORTLET_2149205%252C15_PORTLET_2149270%252C15_PORTLET_2144990%252C15_PORTLET_2146496%252C15_PORTLET_2151689%252C15_PORTLET_2151715%252C15_PORTLET_2151728%26_3_modifieddayFrom%3D26%26_3_ddm_21040_artCategory_pt_BR_sortable%3D%26_3_format%3D%26_3_modifiedfrom%3D26%252F01%252F2018%26_3_formDate%3D1516970680443%26_3_modified%3D%255B20180126000000%2BTO%2B20180126235959%255D%26_3_modifieddayTo%3D26%26_3_modifiedto%3D26%252F01%252F2018%26_3_groupId%3D0%26_3_ddm_21040_pubName_pt_BR_sortable%3D%26_3_ddm_21040_artType_pt_BR_sortable%3D%26_3_modifiedyearTo%3D2018%26_3_ddm_21040_artSection_pt_BR_sortable%3D%26_3_modifiedyearFrom%3D2018%26_3_modifiedmonthFrom%3D0%26_3_cur%3D1%26_3_struts_action%3D%252Fsearch%252Fsearch%26_3_modifiedmonthTo%3D0&amp;inheritRedirect=true\" target=\"_blank\">Resolu\u00e7\u00f5es n\u00ba 22<\/a>\u00a0e\u00a0<a href=\"http:\/\/www.imprensanacional.gov.br\/web\/guest\/consulta?p_p_id=101&amp;p_p_lifecycle=0&amp;p_p_state=maximized&amp;p_p_mode=view&amp;_101_struts_action=%2Fasset_publisher%2Fview_content&amp;_101_returnToFullPageURL=http%3A%2F%2Fwww.imprensanacional.gov.br%2Fweb%2Fguest%2Fconsulta%3Fp_auth%3DZwmqpFt8%26p_p_id%3D3%26p_p_lifecycle%3D1%26p_p_state%3Dnormal%26p_p_state_rcv%3D1&amp;_101_assetEntryId=2154714&amp;_101_type=content&amp;_101_groupId=68942&amp;_101_urlTitle=resolucao-n-23-de-18-de-janeiro-de-2018-2154710&amp;_101_redirect=http%3A%2F%2Fwww.imprensanacional.gov.br%2Fweb%2Fguest%2Fconsulta%3Fp_p_id%3D3%26p_p_lifecycle%3D0%26p_p_state%3Dmaximized%26p_p_mode%3Dview%26_3_entryClassName%3D%26_3_modifiedselection%3D1%26_3_keywords%3Dresolu%25C3%25A7%25C3%25A3o%2B23%2B22%2B21%2Bestatais%26_3_documentsSearchContainerPrimaryKeys%3D15_PORTLET_2154711%252C15_PORTLET_2149296%252C15_PORTLET_2149127%252C15_PORTLET_2149140%252C15_PORTLET_2149153%252C15_PORTLET_2151598%252C15_PORTLET_2149192%252C15_PORTLET_2149218%252C15_PORTLET_2149231%252C15_PORTLET_2149244%252C15_PORTLET_2149257%252C15_PORTLET_2149283%252C15_PORTLET_2149166%252C15_PORTLET_2149205%252C15_PORTLET_2149270%252C15_PORTLET_2144990%252C15_PORTLET_2146496%252C15_PORTLET_2151689%252C15_PORTLET_2151715%252C15_PORTLET_2151728%26_3_modifieddayFrom%3D26%26_3_ddm_21040_artCategory_pt_BR_sortable%3D%26_3_format%3D%26_3_modifiedfrom%3D26%252F01%252F2018%26_3_formDate%3D1516970680443%26_3_modified%3D%255B20180126000000%2BTO%2B20180126235959%255D%26_3_modifieddayTo%3D26%26_3_modifiedto%3D26%252F01%252F2018%26_3_groupId%3D0%26_3_ddm_21040_pubName_pt_BR_sortable%3D%26_3_ddm_21040_artType_pt_BR_sortable%3D%26_3_modifiedyearTo%3D2018%26_3_ddm_21040_artSection_pt_BR_sortable%3D%26_3_modifiedyearFrom%3D2018%26_3_modifiedmonthFrom%3D0%26_3_cur%3D1%26_3_struts_action%3D%252Fsearch%252Fsearch%26_3_modifiedmonthTo%3D0&amp;inheritRedirect=true\" target=\"_blank\">23<\/a>\u00a0tratam de par\u00e2metros de governan\u00e7a e do custeio do Benef\u00edcio de Assist\u00eancia \u00e0 Sa\u00fade nas empresas estatais federais, respectivamente. Tais Resolu\u00e7\u00f5es t\u00eam por objetivo envolver a alta administra\u00e7\u00e3o das empresas estatais federais no monitoramento e na avalia\u00e7\u00e3o dos benef\u00edcios de assist\u00eancia \u00e0 sa\u00fade, com o prop\u00f3sito de melhorar os atuais mecanismos de governan\u00e7a e tornar mais eficiente o acompanhamento da sustentabilidade dos planos de sa\u00fade. A Resolu\u00e7\u00e3o n\u00ba 23 traz, entre outros, a limita\u00e7\u00e3o de custeio dos planos de sa\u00fade tanto para a empresa quanto para o benefici\u00e1rio, levando em considera\u00e7\u00e3o tanto \u00e0 qualidade do benef\u00edcio ofertado quanto as possibilidades financeiras da empresa e os resultados alcan\u00e7ados pela oferta do benef\u00edcio.<\/p>\n<p>O objetivo principal das Resolu\u00e7\u00f5es n\u00ba 22 e 23 \u00e9 conferir maior visibilidade sobre a situa\u00e7\u00e3o dos seus planos de autogest\u00e3o para a administra\u00e7\u00e3o das empresas estatais federais, a fim de impulsionar a gest\u00e3o corporativa sustent\u00e1vel do custeio e da governan\u00e7a, conjugando equil\u00edbrio econ\u00f4mico-financeiro e atuarial com as melhores pr\u00e1ticas de gest\u00e3o de recursos humanos nessas empresas.<\/p>\n<p>A CGPAR foi institu\u00edda pelo Decreto n\u00ba 6.021\/2007 e tem por finalidade tratar de mat\u00e9rias relacionadas com a governan\u00e7a corporativa nas empresas estatais federais e com a administra\u00e7\u00e3o de participa\u00e7\u00f5es societ\u00e1rias da Uni\u00e3o. \u00c9 composta pelos ministros do Planejamento, Or\u00e7amento e Gest\u00e3o, que preside a comiss\u00e3o, da Fazenda e da Casa Civil da Presid\u00eancia da Rep\u00fablica.<\/p>\n","protected":false},"excerpt":{"rendered":"<p>Mudan\u00e7as entrar\u00e3o gradualmente em vigor nos pr\u00f3ximos 4 anos.\u00a0O custeio dos planos de assist\u00eancia \u00e0 sa\u00fade nas estatais federais vai mudar.\u00a0 Ao longo dos pr\u00f3ximos quatro anos, as empresas ter\u00e3o que adequar seus gastos a um limite previamente fixado. Esse tamb\u00e9m \u00e9 o tempo em que passa a vigorar a paridade entre a contribui\u00e7\u00e3o do empregador e a contribui\u00e7\u00e3o do [&hellip;]<\/p>\n","protected":false},"author":27,"featured_media":0,"comment_status":"open","ping_status":"closed","sticky":false,"template":"","format":"standard","meta":{"footnotes":""},"categories":[2719],"tags":[176,1963,7991,1359,984,3222,10316,10877,5990,1208,10878,131,236,1769,576,1604,390,1727,4444,59,1169,315,566,98,5531,1334,810,141,7173,376,10879,1505,953,2465,7443,10876,2399,351,168,130],"class_list":["post-8038","post","type-post","status-publish","format-standard","hentry","category-servidor","tag-acao","tag-acionista","tag-adequar","tag-aperfeicoar","tag-assistencia","tag-auditoria","tag-casa-civil-da-presidencia-da-republica","tag-cgpar","tag-compliance","tag-conformidade","tag-conrole","tag-contribuicao","tag-custeio","tag-dou","tag-empregado","tag-empregador","tag-empresas","tag-estatais","tag-estrategicas","tag-federais","tag-gastos","tag-gestao","tag-governanca","tag-governo","tag-interno","tag-limite","tag-ministerio-da-fazenda","tag-ministerio-do-planejamento","tag-modalidades","tag-mudancas","tag-ouvidoria","tag-paridade","tag-planos","tag-reforco","tag-relacionamento","tag-resolucoes","tag-riscos","tag-sociedade","tag-transparencia","tag-vigor"],"_links":{"self":[{"href":"https:\/\/blogs.correiobraziliense.com.br\/servidor\/wp-json\/wp\/v2\/posts\/8038","targetHints":{"allow":["GET"]}}],"collection":[{"href":"https:\/\/blogs.correiobraziliense.com.br\/servidor\/wp-json\/wp\/v2\/posts"}],"about":[{"href":"https:\/\/blogs.correiobraziliense.com.br\/servidor\/wp-json\/wp\/v2\/types\/post"}],"author":[{"embeddable":true,"href":"https:\/\/blogs.correiobraziliense.com.br\/servidor\/wp-json\/wp\/v2\/users\/27"}],"replies":[{"embeddable":true,"href":"https:\/\/blogs.correiobraziliense.com.br\/servidor\/wp-json\/wp\/v2\/comments?post=8038"}],"version-history":[{"count":1,"href":"https:\/\/blogs.correiobraziliense.com.br\/servidor\/wp-json\/wp\/v2\/posts\/8038\/revisions"}],"predecessor-version":[{"id":8039,"href":"https:\/\/blogs.correiobraziliense.com.br\/servidor\/wp-json\/wp\/v2\/posts\/8038\/revisions\/8039"}],"wp:attachment":[{"href":"https:\/\/blogs.correiobraziliense.com.br\/servidor\/wp-json\/wp\/v2\/media?parent=8038"}],"wp:term":[{"taxonomy":"category","embeddable":true,"href":"https:\/\/blogs.correiobraziliense.com.br\/servidor\/wp-json\/wp\/v2\/categories?post=8038"},{"taxonomy":"post_tag","embeddable":true,"href":"https:\/\/blogs.correiobraziliense.com.br\/servidor\/wp-json\/wp\/v2\/tags?post=8038"}],"curies":[{"name":"wp","href":"https:\/\/api.w.org\/{rel}","templated":true}]}}