{"id":803,"date":"2016-01-22T15:39:56","date_gmt":"2016-01-22T17:39:56","guid":{"rendered":"https:\/\/blogs.correiobraziliense.com.br\/servidor\/?p=803"},"modified":"2016-01-22T15:39:56","modified_gmt":"2016-01-22T17:39:56","slug":"sindireceita-campanha-salarial-dias-de-vigilia","status":"publish","type":"post","link":"https:\/\/blogs.correiobraziliense.com.br\/servidor\/sindireceita-campanha-salarial-dias-de-vigilia\/","title":{"rendered":"SINDIRECEITA &#8211; CAMPANHA SALARIAL &#8211; DIAS DE VIG\u00cdLIA"},"content":{"rendered":"<p><em>Analistas v\u00e3o paralisar atividades em todo o pa\u00eds na semana que vem<\/em><\/p>\n<p>A Diretoria Executiva Nacional (DEN) do Sindicato Nacional dos Analistas-Tribut\u00e1rios da Receita Federal (Sindireceita) convoca a classe para mobiliza\u00e7\u00e3o e vig\u00edlia que ser\u00e1 realizada na ter\u00e7a-feira, dia 26, e quarta-feira, dia 27, quando de acordo com a previs\u00e3o do secret\u00e1rio da RFB deve ser apresentada a proposta formal do governo.<\/p>\n<p>Durante dois dias, os analistas-tribut\u00e1rios v\u00e3o paralisar as atividades em todo o pa\u00eds e se reunir nas unidades da Receita Federal para aguardar a apresenta\u00e7\u00e3o formal da proposta de negocia\u00e7\u00e3o salarial pelo Minist\u00e9rio do Planejamento. O Dia de Vig\u00edlia foi aprovado em assembleia, realizada entre os dias 11 e 16 de novembro de 2015.<\/p>\n<p>Nesses dois dias, os analistas-tribut\u00e1rios dever\u00e3o analisar e discutir os temas tratados na reuni\u00e3o do dia 21 e, principalmente, os pontos apresentados pelo secret\u00e1rio da RFB no comunicado enviado aos administradores regionais\u00a0e o informe encaminhado pelo secret\u00e1rio para os administradores.<\/p>\n<p>A DEN orienta que se discuta, principalmente, a possibilidade de sa\u00edda do subs\u00eddio para permitir o recebimento do B\u00f4nus de Efici\u00eancia e tamb\u00e9m para que se analise os valores e percentuais j\u00e1 apresentados. At\u00e9 a pr\u00f3xima ter\u00e7a-feira, a DEN vai informar apenas aos analistas, na \u00e1rea restrita do site, a Avalia\u00e7\u00e3o de Conjuntura e outros documentos para subsidiar os debates.<\/p>\n","protected":false},"excerpt":{"rendered":"<p>Analistas v\u00e3o paralisar atividades em todo o pa\u00eds na semana que vem A Diretoria Executiva Nacional (DEN) do Sindicato Nacional dos Analistas-Tribut\u00e1rios da Receita Federal (Sindireceita) convoca a classe para mobiliza\u00e7\u00e3o e vig\u00edlia que ser\u00e1 realizada na ter\u00e7a-feira, dia 26, e quarta-feira, dia 27, quando de acordo com a previs\u00e3o do secret\u00e1rio da RFB deve ser apresentada a proposta formal [&hellip;]<\/p>\n","protected":false},"author":27,"featured_media":0,"comment_status":"open","ping_status":"closed","sticky":false,"template":"","format":"standard","meta":{"footnotes":""},"categories":[1],"tags":[381,463,305,462,461,18,459,460],"class_list":["post-803","post","type-post","status-publish","format-standard","hentry","category-sem-categoria","tag-analistas","tag-atividades","tag-campanha","tag-paralisar","tag-receita","tag-salarial","tag-sindireceita","tag-vigilia"],"_links":{"self":[{"href":"https:\/\/blogs.correiobraziliense.com.br\/servidor\/wp-json\/wp\/v2\/posts\/803","targetHints":{"allow":["GET"]}}],"collection":[{"href":"https:\/\/blogs.correiobraziliense.com.br\/servidor\/wp-json\/wp\/v2\/posts"}],"about":[{"href":"https:\/\/blogs.correiobraziliense.com.br\/servidor\/wp-json\/wp\/v2\/types\/post"}],"author":[{"embeddable":true,"href":"https:\/\/blogs.correiobraziliense.com.br\/servidor\/wp-json\/wp\/v2\/users\/27"}],"replies":[{"embeddable":true,"href":"https:\/\/blogs.correiobraziliense.com.br\/servidor\/wp-json\/wp\/v2\/comments?post=803"}],"version-history":[{"count":1,"href":"https:\/\/blogs.correiobraziliense.com.br\/servidor\/wp-json\/wp\/v2\/posts\/803\/revisions"}],"predecessor-version":[{"id":804,"href":"https:\/\/blogs.correiobraziliense.com.br\/servidor\/wp-json\/wp\/v2\/posts\/803\/revisions\/804"}],"wp:attachment":[{"href":"https:\/\/blogs.correiobraziliense.com.br\/servidor\/wp-json\/wp\/v2\/media?parent=803"}],"wp:term":[{"taxonomy":"category","embeddable":true,"href":"https:\/\/blogs.correiobraziliense.com.br\/servidor\/wp-json\/wp\/v2\/categories?post=803"},{"taxonomy":"post_tag","embeddable":true,"href":"https:\/\/blogs.correiobraziliense.com.br\/servidor\/wp-json\/wp\/v2\/tags?post=803"}],"curies":[{"name":"wp","href":"https:\/\/api.w.org\/{rel}","templated":true}]}}