{"id":8024,"date":"2018-01-25T14:44:41","date_gmt":"2018-01-25T16:44:41","guid":{"rendered":"https:\/\/blogs.correiobraziliense.com.br\/servidor\/?p=8024"},"modified":"2018-01-25T14:44:41","modified_gmt":"2018-01-25T16:44:41","slug":"reformas-na-vitrine-em-davos","status":"publish","type":"post","link":"https:\/\/blogs.correiobraziliense.com.br\/servidor\/reformas-na-vitrine-em-davos\/","title":{"rendered":"Reformas na vitrine em Davos"},"content":{"rendered":"<p><em>Em reuni\u00f5es com l\u00edderes pol\u00edticos e empresariais durante o F\u00f3rum Econ\u00f4mico Mundial, o presidente Michel Temer e o ministro Henrique Meirelles demonstram otimismo com a economia brasileira e apresentam agenda de mudan\u00e7as estruturais.\u00a0Na avalia\u00e7\u00e3o do titular da Fazenda, o Brasil crescer\u00e1 3% e criar\u00e1 2,5 milh\u00f5es de empregos em 2018.\u00a0O presidente disse que \u201cn\u00e3o h\u00e1 alternativa \u00e0 agenda de reformas\u201d e prometeu trabalhar \u201cdia e noite\u201d para a aprova\u00e7\u00e3o da mudan\u00e7a do sistema de aposentadorias<\/em><\/p>\n<p><strong>ROSANA HESSEL<\/strong><\/p>\n<p>O presidente Michel Temer e o ministro da Fazenda, Henrique Meirelles, demonstraram otimismo com os rumos da economia brasileira, ontem, no F\u00f3rum Econ\u00f4mico Mundial (WEF, na sigla em ingl\u00eas), em Davos, na Su\u00ed\u00e7a. Ambos aproveitaram o encontro com l\u00edderes e empres\u00e1rios globais para mostrar os n\u00fameros da recupera\u00e7\u00e3o econ\u00f4mica do pa\u00eds, mas reconheceram que a retomada ainda \u00e9 gradual e est\u00e1 condicionada \u00e0 aprova\u00e7\u00e3o da reforma da Previd\u00eancia para que a confian\u00e7a dos investidores volte a ter for\u00e7a.<\/p>\n<p>Temer teve uma agenda cheia de reuni\u00f5es com presidentes globais de multinacionais, como Coca-Cola, Dow Chemical, Arcelor Mittal, Goldman Sachs, Shell, e Cargill, nas quais apresentou a agenda de reformas e oportunidades de investimentos. Al\u00e9m disso, teve encontros bilaterais com os chefes de Estado de Angola e do L\u00edbano.<\/p>\n<p>A presen\u00e7a de Temer no WEF marcou a volta de um presidente brasileiro ao evento ap\u00f3s quatro anos de aus\u00eancia. \u201cO Brasil voltou\u201d \u2014 foi a frase com que ele iniciou o discurso de 30 minutos que fez na manh\u00e3 de ontem, numa sess\u00e3o que terminou com 20% dos assentos vazios, segundo fontes palacianas. O presidente disse que \u201cn\u00e3o h\u00e1 alternativa \u00e0 agenda de reformas\u201d e prometeu trabalhar \u201cdia e noite\u201d para a aprova\u00e7\u00e3o da mudan\u00e7a do sistema de aposentadorias.<\/p>\n<p>Meirelles tamb\u00e9m defendeu a reforma previdenci\u00e1ria e refor\u00e7ou que o pa\u00eds crescer\u00e1 3% neste ano. Al\u00e9m disso, em entrevista a jornalistas, disse esperar ter \u201cmais de 2,5 milh\u00f5es de empregos criados em 2018\u201d. \u201cAs pessoas est\u00e3o mais encorajadas pela recupera\u00e7\u00e3o da economia e voltando para o mercado de trabalho. \u00c9 uma boa not\u00edcia\u201d, afirmou.<\/p>\n<p>O ministro ignorou as previs\u00f5es mais conservadoras do Fundo Monet\u00e1rio Internacional (FMI) e da Standard&amp; Poor\u2019s, e afirmou que, nos pr\u00f3ximos anos, o pa\u00eds poder\u00e1 crescer at\u00e9 4% ao ano. O Fundo e a S&amp;P estimam alta de 1,9% e de 2,2% no Produto Interno Bruto (PIB) brasileiro em 2018. Meirelles demonstrou confian\u00e7a na retomada do investimento estrangeiro no pa\u00eds e disse esperar que o fluxo atinja US$ 80 bilh\u00f5es neste ano.<\/p>\n<p>No fim do dia, o presidente participou de um jantar oferecido pela organiza\u00e7\u00e3o do F\u00f3rum para 100 empres\u00e1rios e lideran\u00e7as. Entre os presentes, estavam o banqueiro Andr\u00e9 Esteves, do BTG Pactual, e o ex-ministro da Fazenda, Joaquim Levy.<\/p>\n<p><strong>Prest\u00edgio<\/strong><\/p>\n<p>O Brasil, por\u00e9m, n\u00e3o foi o centro das aten\u00e7\u00f5es de Davos. O mais prestigiado foi o presidente franc\u00eas Emmanuel Macron, cujo discurso foi \u201cdisputad\u00edssimo\u201d, segundo o economista e consultor Octavio de Barros, ex-diretor do Bradesco, que participa do evento pela sexta vez. \u201cNeste momento, o Brasil n\u00e3o \u00e9 assunto no mundo. Mas isso n\u00e3o tem nada a ver com as potencialidades do pa\u00eds e o interesse que investidores espec\u00edficos t\u00eam pelo Brasil. Tampouco tem a ver com o reconhecimento dos avan\u00e7os imensos que ocorreram em termos de reformas e de gest\u00e3o de estatais\u201d, afirmou Barros. \u201cTemer foi bem e tamb\u00e9m toda equipe, incluindo ministros e presidentes de estatais.\u201d<\/p>\n<p>O presidente retorna hoje ao Brasil, devendo pousar em Bras\u00edlia por volta das 19h30. J\u00e1 Meirelles mant\u00e9m a agenda cheia com encontros no WEF hoje, e s\u00f3 retornar\u00e1 no dia 26.<\/p>\n<p>&nbsp;<\/p>\n","protected":false},"excerpt":{"rendered":"<p>Em reuni\u00f5es com l\u00edderes pol\u00edticos e empresariais durante o F\u00f3rum Econ\u00f4mico Mundial, o presidente Michel Temer e o ministro Henrique Meirelles demonstram otimismo com a economia brasileira e apresentam agenda de mudan\u00e7as estruturais.\u00a0Na avalia\u00e7\u00e3o do titular da Fazenda, o Brasil crescer\u00e1 3% e criar\u00e1 2,5 milh\u00f5es de empregos em 2018.\u00a0O presidente disse que \u201cn\u00e3o h\u00e1 alternativa \u00e0 agenda de reformas\u201d [&hellip;]<\/p>\n","protected":false},"author":27,"featured_media":0,"comment_status":"open","ping_status":"closed","sticky":false,"template":"","format":"standard","meta":{"footnotes":""},"categories":[2719],"tags":[2055,3172,4900,10834,88,2603,8127,9141,1897,302,4452,533,4899,10833,7334,3117,1619,1008,1961,2474,91,376,3591,1804,2142,9727,1893,10831,10832],"class_list":["post-8024","post","type-post","status-publish","format-standard","hentry","category-servidor","tag-aposentadorias","tag-confianca","tag-davos","tag-dolares","tag-economia","tag-empregos","tag-empresariais","tag-estrangeiro","tag-estruturais","tag-fazenda","tag-fluxo","tag-fmi","tag-forum-economico-mundial","tag-globais","tag-gradual","tag-henrique-meirelles","tag-investidores","tag-investimentos","tag-lideres","tag-michel-temer","tag-mudanca","tag-mudancas","tag-otimismo","tag-pib","tag-recuperacao","tag-reforma-da-previdencia","tag-reformas","tag-vitrine","tag-wef"],"_links":{"self":[{"href":"https:\/\/blogs.correiobraziliense.com.br\/servidor\/wp-json\/wp\/v2\/posts\/8024","targetHints":{"allow":["GET"]}}],"collection":[{"href":"https:\/\/blogs.correiobraziliense.com.br\/servidor\/wp-json\/wp\/v2\/posts"}],"about":[{"href":"https:\/\/blogs.correiobraziliense.com.br\/servidor\/wp-json\/wp\/v2\/types\/post"}],"author":[{"embeddable":true,"href":"https:\/\/blogs.correiobraziliense.com.br\/servidor\/wp-json\/wp\/v2\/users\/27"}],"replies":[{"embeddable":true,"href":"https:\/\/blogs.correiobraziliense.com.br\/servidor\/wp-json\/wp\/v2\/comments?post=8024"}],"version-history":[{"count":1,"href":"https:\/\/blogs.correiobraziliense.com.br\/servidor\/wp-json\/wp\/v2\/posts\/8024\/revisions"}],"predecessor-version":[{"id":8025,"href":"https:\/\/blogs.correiobraziliense.com.br\/servidor\/wp-json\/wp\/v2\/posts\/8024\/revisions\/8025"}],"wp:attachment":[{"href":"https:\/\/blogs.correiobraziliense.com.br\/servidor\/wp-json\/wp\/v2\/media?parent=8024"}],"wp:term":[{"taxonomy":"category","embeddable":true,"href":"https:\/\/blogs.correiobraziliense.com.br\/servidor\/wp-json\/wp\/v2\/categories?post=8024"},{"taxonomy":"post_tag","embeddable":true,"href":"https:\/\/blogs.correiobraziliense.com.br\/servidor\/wp-json\/wp\/v2\/tags?post=8024"}],"curies":[{"name":"wp","href":"https:\/\/api.w.org\/{rel}","templated":true}]}}