{"id":8017,"date":"2018-01-24T21:46:52","date_gmt":"2018-01-24T23:46:52","guid":{"rendered":"https:\/\/blogs.correiobraziliense.com.br\/servidor\/?p=8017"},"modified":"2018-01-24T21:46:52","modified_gmt":"2018-01-24T23:46:52","slug":"gdf-posse-de-405-servidores-da-saude","status":"publish","type":"post","link":"https:\/\/blogs.correiobraziliense.com.br\/servidor\/gdf-posse-de-405-servidores-da-saude\/","title":{"rendered":"gdf &#8211; Posse de 405 servidores da Sa\u00fade"},"content":{"rendered":"<p>Nesta quinta-feira (25), \u00e0s 9 h, o governador Rodrigo Rollemberg vai empossar 405 servidores da Secretaria de Sa\u00fade do Distrito Federal. Al\u00e9m de 293 m\u00e9dicos de diversas especialidades, t\u00e9cnicos administrativos, t\u00e9cnicos de enfermagem, enfermeiros, assistentes sociais, fisioterapeuta, nutricionista, entre outros profissionais. A solenidade ser\u00e1 no audit\u00f3rio da Imprensa Nacional.<\/p>\n<p>&nbsp;<\/p>\n","protected":false},"excerpt":{"rendered":"<p>Nesta quinta-feira (25), \u00e0s 9 h, o governador Rodrigo Rollemberg vai empossar 405 servidores da Secretaria de Sa\u00fade do Distrito Federal. Al\u00e9m de 293 m\u00e9dicos de diversas especialidades, t\u00e9cnicos administrativos, t\u00e9cnicos de enfermagem, enfermeiros, assistentes sociais, fisioterapeuta, nutricionista, entre outros profissionais. A solenidade ser\u00e1 no audit\u00f3rio da Imprensa Nacional. &nbsp;<\/p>\n","protected":false},"author":27,"featured_media":0,"comment_status":"open","ping_status":"closed","sticky":false,"template":"","format":"standard","meta":{"footnotes":""},"categories":[2719],"tags":[1055,10823,10822,10824,2692,174,10825,868,1075,616,58,2781],"class_list":["post-8017","post","type-post","status-publish","format-standard","hentry","category-servidor","tag-administrativos","tag-assistentes-sociais","tag-enfermeiros","tag-fisioterapeuta","tag-gdf","tag-medicos","tag-nutricionistas","tag-posse","tag-profissionais","tag-saude","tag-servidores","tag-tecnicos"],"_links":{"self":[{"href":"https:\/\/blogs.correiobraziliense.com.br\/servidor\/wp-json\/wp\/v2\/posts\/8017","targetHints":{"allow":["GET"]}}],"collection":[{"href":"https:\/\/blogs.correiobraziliense.com.br\/servidor\/wp-json\/wp\/v2\/posts"}],"about":[{"href":"https:\/\/blogs.correiobraziliense.com.br\/servidor\/wp-json\/wp\/v2\/types\/post"}],"author":[{"embeddable":true,"href":"https:\/\/blogs.correiobraziliense.com.br\/servidor\/wp-json\/wp\/v2\/users\/27"}],"replies":[{"embeddable":true,"href":"https:\/\/blogs.correiobraziliense.com.br\/servidor\/wp-json\/wp\/v2\/comments?post=8017"}],"version-history":[{"count":1,"href":"https:\/\/blogs.correiobraziliense.com.br\/servidor\/wp-json\/wp\/v2\/posts\/8017\/revisions"}],"predecessor-version":[{"id":8018,"href":"https:\/\/blogs.correiobraziliense.com.br\/servidor\/wp-json\/wp\/v2\/posts\/8017\/revisions\/8018"}],"wp:attachment":[{"href":"https:\/\/blogs.correiobraziliense.com.br\/servidor\/wp-json\/wp\/v2\/media?parent=8017"}],"wp:term":[{"taxonomy":"category","embeddable":true,"href":"https:\/\/blogs.correiobraziliense.com.br\/servidor\/wp-json\/wp\/v2\/categories?post=8017"},{"taxonomy":"post_tag","embeddable":true,"href":"https:\/\/blogs.correiobraziliense.com.br\/servidor\/wp-json\/wp\/v2\/tags?post=8017"}],"curies":[{"name":"wp","href":"https:\/\/api.w.org\/{rel}","templated":true}]}}