{"id":8010,"date":"2018-01-24T13:07:51","date_gmt":"2018-01-24T15:07:51","guid":{"rendered":"https:\/\/blogs.correiobraziliense.com.br\/servidor\/?p=8010"},"modified":"2018-01-24T13:07:51","modified_gmt":"2018-01-24T15:07:51","slug":"febre-amarela-justica-podera-obrigar-o-governo-fornecer-vacina","status":"publish","type":"post","link":"https:\/\/blogs.correiobraziliense.com.br\/servidor\/febre-amarela-justica-podera-obrigar-o-governo-fornecer-vacina\/","title":{"rendered":"Febre amarela &#8211; Justi\u00e7a poder\u00e1 obrigar o governo a fornecer vacina"},"content":{"rendered":"<p><em>O aumento da incid\u00eancia de febre amarela e a consequente corrida aos postos de sa\u00fade e cl\u00ednicas particulares em busca da dose da vacina pode acarretar o fim dos estoques. Se isso ocorrer, o Poder Judici\u00e1rio poder\u00e1 ser acionado para que o Executivo cumpra sua obriga\u00e7\u00e3o de garantir aos cidad\u00e3os o direito \u00e0 sa\u00fade e, portanto, \u00e0 vacina<\/em><\/p>\n<p>De acordo com o advogado Renato de Mello Almada, especialista em direito civil e s\u00f3cio do Chiarottino e Nicoletti Advogados, a falta de efetiva presta\u00e7\u00e3o de sa\u00fade pelo Estado pode se traduzir em uma amea\u00e7a \u00e0 vida.\u00a0 O advogado lembra que a Constitui\u00e7\u00e3o Federal prev\u00ea no artigo 129, inciso II, que a sa\u00fade \u00e9 \u201cdireito de todos e dever do Estado, garantido mediante pol\u00edticas sociais e econ\u00f4micas que visem a redu\u00e7\u00e3o do risco de doen\u00e7a e de outros agravos e ao acesso universal e igualit\u00e1rio \u00e0s a\u00e7\u00f5es e servi\u00e7os para sua promo\u00e7\u00e3o, prote\u00e7\u00e3o e recupera\u00e7\u00e3o\u201d. Para o advogado a preven\u00e7\u00e3o de doen\u00e7as est\u00e1 inserida entre as obriga\u00e7\u00f5es do Estado.<\/p>\n<p>\u201cAssim, se a campanha de vacina\u00e7\u00e3o contra a febre amarela se mostrar inoperante em raz\u00e3o da n\u00e3o distribui\u00e7\u00e3o de vacinas, o Poder Executivo pode, por meio de a\u00e7\u00e3o judicial, ser obrigado a suprir essa falta de vacinas. Por se tratar de um direito coletivo, o mais eficiente \u00e9 que a tutela jur\u00eddica seja buscada por meio de A\u00e7\u00e3o Civil P\u00fablica. Certamente o Minist\u00e9rio P\u00fablico e demais institui\u00e7\u00f5es legitimadas para esse tipo de a\u00e7\u00e3o est\u00e3o atentos a essa situa\u00e7\u00e3o e agir\u00e3o t\u00e3o logo se fa\u00e7a necess\u00e1rio\u201d, afirma Almada. Ele n\u00e3o descarta a possibilidade de qualquer cidad\u00e3o que n\u00e3o consiga se vacinar nos postos de sa\u00fade entrar individualmente com um mandado de seguran\u00e7a na Justi\u00e7a para exigir a vacina.<\/p>\n<p>Amauri Saad, coordenador do curso de Direito Administrativo do IDP-S\u00e3o Paulo, concorda que o Estado tem o dever, previsto na Constitui\u00e7\u00e3o, de fornecer a vacina e, caso n\u00e3o o fa\u00e7a, o Minist\u00e9rio P\u00fablico ou o pr\u00f3prio indiv\u00edduo pode exigir por meio do Judici\u00e1rio esse fornecimento. Saad levanta ainda outra quest\u00e3o que pode parar nos tribunais: a da responsabiliza\u00e7\u00e3o do Estado pelas mortes decorrentes de febre amarela em regi\u00f5es que deveriam ter tido vacina\u00e7\u00e3o em massa.<\/p>\n","protected":false},"excerpt":{"rendered":"<p>O aumento da incid\u00eancia de febre amarela e a consequente corrida aos postos de sa\u00fade e cl\u00ednicas particulares em busca da dose da vacina pode acarretar o fim dos estoques. Se isso ocorrer, o Poder Judici\u00e1rio poder\u00e1 ser acionado para que o Executivo cumpra sua obriga\u00e7\u00e3o de garantir aos cidad\u00e3os o direito \u00e0 sa\u00fade e, portanto, \u00e0 vacina De acordo [&hellip;]<\/p>\n","protected":false},"author":27,"featured_media":0,"comment_status":"open","ping_status":"closed","sticky":false,"template":"","format":"standard","meta":{"footnotes":""},"categories":[2719],"tags":[84,75,1213,10806,116,1142,4678,10807,10804,98,10809,446,260,2864,10810,2764,9266,1413,1137,706,10805,3596,2746,2142,325,7235,1212,707,10808],"class_list":["post-8010","post","type-post","status-publish","format-standard","hentry","category-servidor","tag-acesso","tag-aumento","tag-cidadaos","tag-clinicas","tag-direito","tag-dose","tag-economicas","tag-estoques","tag-febre-amarela","tag-governo","tag-igualitario","tag-incidencia","tag-justica","tag-massa","tag-mortes-vacinacao","tag-obrigacao","tag-obrigar","tag-poder-executivo","tag-poder-judiciario","tag-politicas","tag-postos-de-saude","tag-prevencao","tag-protecao","tag-recuperacao","tag-reducao","tag-responsabilizar","tag-risco","tag-sociais","tag-universal"],"_links":{"self":[{"href":"https:\/\/blogs.correiobraziliense.com.br\/servidor\/wp-json\/wp\/v2\/posts\/8010","targetHints":{"allow":["GET"]}}],"collection":[{"href":"https:\/\/blogs.correiobraziliense.com.br\/servidor\/wp-json\/wp\/v2\/posts"}],"about":[{"href":"https:\/\/blogs.correiobraziliense.com.br\/servidor\/wp-json\/wp\/v2\/types\/post"}],"author":[{"embeddable":true,"href":"https:\/\/blogs.correiobraziliense.com.br\/servidor\/wp-json\/wp\/v2\/users\/27"}],"replies":[{"embeddable":true,"href":"https:\/\/blogs.correiobraziliense.com.br\/servidor\/wp-json\/wp\/v2\/comments?post=8010"}],"version-history":[{"count":1,"href":"https:\/\/blogs.correiobraziliense.com.br\/servidor\/wp-json\/wp\/v2\/posts\/8010\/revisions"}],"predecessor-version":[{"id":8011,"href":"https:\/\/blogs.correiobraziliense.com.br\/servidor\/wp-json\/wp\/v2\/posts\/8010\/revisions\/8011"}],"wp:attachment":[{"href":"https:\/\/blogs.correiobraziliense.com.br\/servidor\/wp-json\/wp\/v2\/media?parent=8010"}],"wp:term":[{"taxonomy":"category","embeddable":true,"href":"https:\/\/blogs.correiobraziliense.com.br\/servidor\/wp-json\/wp\/v2\/categories?post=8010"},{"taxonomy":"post_tag","embeddable":true,"href":"https:\/\/blogs.correiobraziliense.com.br\/servidor\/wp-json\/wp\/v2\/tags?post=8010"}],"curies":[{"name":"wp","href":"https:\/\/api.w.org\/{rel}","templated":true}]}}