{"id":8000,"date":"2018-01-23T16:50:26","date_gmt":"2018-01-23T18:50:26","guid":{"rendered":"https:\/\/blogs.correiobraziliense.com.br\/servidor\/?p=8000"},"modified":"2018-01-23T16:50:26","modified_gmt":"2018-01-23T18:50:26","slug":"sindaf-sp-e-sindilex-organizam-seminario-gratuito-sobre-reforma-da-previdencia","status":"publish","type":"post","link":"https:\/\/blogs.correiobraziliense.com.br\/servidor\/sindaf-sp-e-sindilex-organizam-seminario-gratuito-sobre-reforma-da-previdencia\/","title":{"rendered":"Sindaf-SP e Sindilex organizam semin\u00e1rio gratuito sobre reforma da Previd\u00eancia"},"content":{"rendered":"<p><em>O Sindicato dos Auditores-Fiscais Tribut\u00e1rios do Munic\u00edpio de SP (Sindaf) e o Sindicato dos Servidores da C\u00e2mara Municipal e do Tribunal de Contas do Munic\u00edpio de S\u00e3o Paulo (Sindilex) realizam, no dia 2 de fevereiro, o semin\u00e1rio\u00a0Previd\u00eancia em Foco \u2013 Mudan\u00e7as e Perspectivas, na sede do Sindilex, em S\u00e3o Paulo<\/em><\/p>\n<p>Os temas discutidos ser\u00e3o \u201cPrevid\u00eancia Social no Brasil\u201d, \u201cPrevid\u00eancia Complementar\u201d e \u201cO caso do Munic\u00edpio de S\u00e3o Paulo\u201d, tendo como um dos mediadores C\u00e1ssio Vieira, diretor jur\u00eddico do Sindaf. Entre os debatedores confirmados est\u00e3o o presidente da Associa\u00e7\u00e3o Nacional dos Auditores Fiscais da Receita Federal do Brasil (Anfip), Floriano Martins, o consultor de Or\u00e7amento da C\u00e2mara dos Deputados, Leonardo Rolim, o presidente da Auditar, Paulo Martins, e o advogado e mestre em direito, Cl\u00e1udio Far\u00e1g.<\/p>\n<p>O semin\u00e1rio \u00e9 gratuito e aberto ao p\u00fablico, sujeito \u00e0 lota\u00e7\u00e3o do espa\u00e7o.<\/p>\n<p><strong>Servi\u00e7o<\/strong><\/p>\n<p>Data: 02 de fevereiro<\/p>\n<p>Hora: 14h<\/p>\n<p>Local: Sindilex \u2013\u00a0<a href=\"https:\/\/maps.google.com\/?q=Rua+Japur%C3%A1,+43+%E2%80%93+S%C3%A3o+Paulo&amp;entry=gmail&amp;source=g\">Rua Japur\u00e1, 43\u00a0<\/a>\u2013\u00a0<a href=\"https:\/\/maps.google.com\/?q=Rua+Japur%C3%A1,+43+%E2%80%93+S%C3%A3o+Paulo&amp;entry=gmail&amp;source=g\">S\u00e3o Paulo<\/a><\/p>\n","protected":false},"excerpt":{"rendered":"<p>O Sindicato dos Auditores-Fiscais Tribut\u00e1rios do Munic\u00edpio de SP (Sindaf) e o Sindicato dos Servidores da C\u00e2mara Municipal e do Tribunal de Contas do Munic\u00edpio de S\u00e3o Paulo (Sindilex) realizam, no dia 2 de fevereiro, o semin\u00e1rio\u00a0Previd\u00eancia em Foco \u2013 Mudan\u00e7as e Perspectivas, na sede do Sindilex, em S\u00e3o Paulo Os temas discutidos ser\u00e3o \u201cPrevid\u00eancia Social no Brasil\u201d, \u201cPrevid\u00eancia Complementar\u201d [&hellip;]<\/p>\n","protected":false},"author":27,"featured_media":0,"comment_status":"open","ping_status":"closed","sticky":false,"template":"","format":"standard","meta":{"footnotes":""},"categories":[2719],"tags":[7,2345,376,7091,9727,267,6118,10776,10777],"class_list":["post-8000","post","type-post","status-publish","format-standard","hentry","category-servidor","tag-complementar","tag-gratuito","tag-mudancas","tag-perspectivas","tag-reforma-da-previdencia","tag-seminario","tag-sindaf-sp","tag-sindilex","tag-tc"],"_links":{"self":[{"href":"https:\/\/blogs.correiobraziliense.com.br\/servidor\/wp-json\/wp\/v2\/posts\/8000","targetHints":{"allow":["GET"]}}],"collection":[{"href":"https:\/\/blogs.correiobraziliense.com.br\/servidor\/wp-json\/wp\/v2\/posts"}],"about":[{"href":"https:\/\/blogs.correiobraziliense.com.br\/servidor\/wp-json\/wp\/v2\/types\/post"}],"author":[{"embeddable":true,"href":"https:\/\/blogs.correiobraziliense.com.br\/servidor\/wp-json\/wp\/v2\/users\/27"}],"replies":[{"embeddable":true,"href":"https:\/\/blogs.correiobraziliense.com.br\/servidor\/wp-json\/wp\/v2\/comments?post=8000"}],"version-history":[{"count":1,"href":"https:\/\/blogs.correiobraziliense.com.br\/servidor\/wp-json\/wp\/v2\/posts\/8000\/revisions"}],"predecessor-version":[{"id":8001,"href":"https:\/\/blogs.correiobraziliense.com.br\/servidor\/wp-json\/wp\/v2\/posts\/8000\/revisions\/8001"}],"wp:attachment":[{"href":"https:\/\/blogs.correiobraziliense.com.br\/servidor\/wp-json\/wp\/v2\/media?parent=8000"}],"wp:term":[{"taxonomy":"category","embeddable":true,"href":"https:\/\/blogs.correiobraziliense.com.br\/servidor\/wp-json\/wp\/v2\/categories?post=8000"},{"taxonomy":"post_tag","embeddable":true,"href":"https:\/\/blogs.correiobraziliense.com.br\/servidor\/wp-json\/wp\/v2\/tags?post=8000"}],"curies":[{"name":"wp","href":"https:\/\/api.w.org\/{rel}","templated":true}]}}