{"id":7970,"date":"2018-01-19T16:33:51","date_gmt":"2018-01-19T18:33:51","guid":{"rendered":"https:\/\/blogs.correiobraziliense.com.br\/servidor\/?p=7970"},"modified":"2018-01-19T17:11:44","modified_gmt":"2018-01-19T19:11:44","slug":"servidores-da-receita-federal-continuam-divididos-contam-com-apoio-da-fazenda-e-resistencia-do-mpog","status":"publish","type":"post","link":"https:\/\/blogs.correiobraziliense.com.br\/servidor\/servidores-da-receita-federal-continuam-divididos-contam-com-apoio-da-fazenda-e-resistencia-do-mpog\/","title":{"rendered":"Servidores da Receita Federal continuam divididos. Contam com apoio da Fazenda e resist\u00eancia do MPOG"},"content":{"rendered":"<p><em>Sai ano, entra ano, e permanece a velha briga entre os funcion\u00e1rios do Fisco. Ap\u00f3s quase duas horas de reuni\u00e3o dos diretores do v\u00e1rios sindicatos com o secret\u00e1rio Jorge Rachid, no in\u00edcio da semana, ficou claro que nada vai mudar: a greve continua. Minist\u00e9rios do Planejamento e da Fazenda n\u00e3o se acertaram em rela\u00e7\u00e3o ao b\u00f4nus de efici\u00eancia. O MPOG se mant\u00e9m irredut\u00edvel, disposto a segurar gastos e vetar expans\u00e3o de despesas. Na Fazenda, Henrique Meirelles e seu secret\u00e1rio executivo, Eduardo Refinetti Guardia, defendem a benesse, com &#8220;uma nova cara&#8221;\u00a0<\/em><\/p>\n<p>O primeiro encontro entre os sindicalistas e a administra\u00e7\u00e3o, recentemente, segundo informes que circulam entre grupos internos, pegou fogo. De longe se ouvia vozes alteradas e express\u00f5es, em sua maioria, impublic\u00e1veis. Rachid divulgou propostas e previs\u00f5es que n\u00e3o foram &#8220;entendidas e aceitas pela classe&#8221;. Soou estranho a todos, afirmam auditores, que a previs\u00e3o para a\u00a0base do Fundo\u00a0Especial de Desenvolvimento e Aperfei\u00e7oamento das Atividades de Fiscaliza\u00e7\u00e3o (Fundaf), para a o pagamento do b\u00f4nus, seja composta, conforme teria declarado Rachid, pelo sistema &#8216;S&#8217;: selos, lojas francas, juros e leil\u00f5es, em valor equivalente ou pr\u00f3ximo \u00e0s anteriores multas e leil\u00f5es, j\u00e1 condenadas pelo Congresso Nacional.<\/p>\n<p>Esse sistema &#8216;S&#8217;, no entanto, teria o apoio de \u00a0Meirelles e Guardia, o que exacerba o quadro de dificuldade na\u00a0rela\u00e7\u00e3o com o Planejamento. O MPOG continua argumentando que o espa\u00e7o or\u00e7ament\u00e1rio estimado foi consumido com a decis\u00e3o do ministro Ricardo Lewandowski, do Supremo Tribunal Federal (STF), que vedou o aumento linear da contribui\u00e7\u00e3o previdenci\u00e1ria dos servidores e proibiu a posterga\u00e7\u00e3o do pagamento do reajuste para 2019. Diante da pouca boa vontade do ministro do Planejamento, Dyogo Oliveira, de abrir o cofre, o chefe da Receita pediu para a categoria &#8220;mudar a agenda, porque o Brasil precisa deles&#8221;.<\/p>\n<p>Rachid, segundo a fonte, garantiu que espera concluir este processo que envolve o b\u00f4nus antes do final do recesso parlamentar (2 de fevereiro), mas como as discuss\u00f5es em curso, analisou, &#8220;n\u00e3o seguem uma l\u00f3gica racional&#8221;, ele n\u00e3o especificou datas, percentuais ou valores. O que causou mais irrita\u00e7\u00e3o. A explica\u00e7\u00e3o do secret\u00e1rio da Receita para n\u00e3o apresentar mais detalhes, de acordo com as fontes, \u00e9 que ele precisa ter muita cautela em divulgar informa\u00e7\u00f5es, j\u00e1 que &#8220;inimigos internos e externos buscam constantemente argumentos para nos derrubar&#8221;.<\/p>\n<p>Ao final, a avalia\u00e7\u00e3o de alguns foi de que a \u00a0reuni\u00e3o foi frustrante, sem resultados concretos e imediatos. Para outros, teve pontos importantes, entre eles o desabafo da categoria sobre sua &#8220;relev\u00e2ncia para a sociedade&#8221;, as exposi\u00e7\u00e3o das queixas sobre &#8220;o descaso da c\u00fapula com a base&#8221; e \u00a0&#8220;a confirma\u00e7\u00e3o&#8221; sobre o apoio do ministro da Fazenda. Por\u00e9m, o ep\u00edlogo desse novo esfor\u00e7o de concilia\u00e7\u00e3o tamb\u00e9m ficou sem novidade. A orienta\u00e7\u00e3o dos sindicalistas para a categoria foi manter a velha pr\u00e1tica: &#8220;continuaremos em greve&#8221;.<\/p>\n","protected":false},"excerpt":{"rendered":"<p>Sai ano, entra ano, e permanece a velha briga entre os funcion\u00e1rios do Fisco. Ap\u00f3s quase duas horas de reuni\u00e3o dos diretores do v\u00e1rios sindicatos com o secret\u00e1rio Jorge Rachid, no in\u00edcio da semana, ficou claro que nada vai mudar: a greve continua. Minist\u00e9rios do Planejamento e da Fazenda n\u00e3o se acertaram em rela\u00e7\u00e3o ao b\u00f4nus de efici\u00eancia. O MPOG [&hellip;]<\/p>\n","protected":false},"author":27,"featured_media":0,"comment_status":"open","ping_status":"closed","sticky":false,"template":"","format":"standard","meta":{"footnotes":""},"categories":[2719],"tags":[792,75,3438,386,10744,1468,1290,693,131,1248,235,3802,2874,3100,334,4079,1169,15,3054,1102,7381,2970,10745,810,141,2421,3213,151,132,690,294,1043,293,9666,58,3801,34,774],"class_list":["post-7970","post","type-post","status-publish","format-standard","hentry","category-servidor","tag-apoio","tag-aumento","tag-base","tag-beneficio","tag-benesse","tag-bonus-de-eficiencia","tag-cofre","tag-congresso-nacional","tag-contribuicao","tag-decisao","tag-despesas","tag-divididos","tag-encontro","tag-espaco","tag-expansao","tag-fundaf","tag-gastos","tag-greve","tag-jorge-rachid","tag-juros","tag-leiloes","tag-linear","tag-lojas-francas","tag-ministerio-da-fazenda","tag-ministerio-do-planejamento","tag-mpog","tag-orcamentario","tag-pagamento","tag-previdenciaria","tag-reajustes","tag-receita-federal","tag-resistencia","tag-reuniao","tag-selos","tag-servidores","tag-sindicatos","tag-stf","tag-valor"],"_links":{"self":[{"href":"https:\/\/blogs.correiobraziliense.com.br\/servidor\/wp-json\/wp\/v2\/posts\/7970","targetHints":{"allow":["GET"]}}],"collection":[{"href":"https:\/\/blogs.correiobraziliense.com.br\/servidor\/wp-json\/wp\/v2\/posts"}],"about":[{"href":"https:\/\/blogs.correiobraziliense.com.br\/servidor\/wp-json\/wp\/v2\/types\/post"}],"author":[{"embeddable":true,"href":"https:\/\/blogs.correiobraziliense.com.br\/servidor\/wp-json\/wp\/v2\/users\/27"}],"replies":[{"embeddable":true,"href":"https:\/\/blogs.correiobraziliense.com.br\/servidor\/wp-json\/wp\/v2\/comments?post=7970"}],"version-history":[{"count":3,"href":"https:\/\/blogs.correiobraziliense.com.br\/servidor\/wp-json\/wp\/v2\/posts\/7970\/revisions"}],"predecessor-version":[{"id":7975,"href":"https:\/\/blogs.correiobraziliense.com.br\/servidor\/wp-json\/wp\/v2\/posts\/7970\/revisions\/7975"}],"wp:attachment":[{"href":"https:\/\/blogs.correiobraziliense.com.br\/servidor\/wp-json\/wp\/v2\/media?parent=7970"}],"wp:term":[{"taxonomy":"category","embeddable":true,"href":"https:\/\/blogs.correiobraziliense.com.br\/servidor\/wp-json\/wp\/v2\/categories?post=7970"},{"taxonomy":"post_tag","embeddable":true,"href":"https:\/\/blogs.correiobraziliense.com.br\/servidor\/wp-json\/wp\/v2\/tags?post=7970"}],"curies":[{"name":"wp","href":"https:\/\/api.w.org\/{rel}","templated":true}]}}