{"id":7963,"date":"2018-01-18T18:13:39","date_gmt":"2018-01-18T20:13:39","guid":{"rendered":"https:\/\/blogs.correiobraziliense.com.br\/servidor\/?p=7963"},"modified":"2018-01-18T18:13:39","modified_gmt":"2018-01-18T20:13:39","slug":"solucao-da-pobreza","status":"publish","type":"post","link":"https:\/\/blogs.correiobraziliense.com.br\/servidor\/solucao-da-pobreza\/","title":{"rendered":"A solu\u00e7\u00e3o da pobreza"},"content":{"rendered":"<p><em>O mundo n\u00e3o ser\u00e1 salvo pelos caridosos, mas pelos eficientes. Mesmo porque, se os eficientes n\u00e3o produzirem, os caridosos n\u00e3o\u00a0<span id=\"OBJ_PREFIX_DWT1872_com_zimbra_date\" class=\"Object\"><span id=\"OBJ_PREFIX_DWT1883_com_zimbra_date\" class=\"Object\">ter<\/span><\/span>\u00e3o o que distribuir. Os socialistas ir\u00e3o propor mais Estado, mais impostos, maior interfer\u00eancia na vida das pessoas e prometer\u00e3o tomar o que puderem do patrim\u00f4nio dos outros, especialmente dos ricos.\u00a0Os sociais-democratas, a amplia\u00e7\u00e3o dos programas de transfer\u00eancia de renda para os pobres. A diferen\u00e7a \u00e9 que os socialistas pregam mais controles, enquanto os liberais querem mais liberdade e mais mercado<\/em><\/p>\n<p><strong><i>Jos\u00e9 Pio Martins*<\/i><\/strong><\/p>\n<p>Este ano teremos elei\u00e7\u00f5es para presidente e governadores. Todos, sem nenhuma exce\u00e7\u00e3o, far\u00e3o duas promessas: reduzir a pobreza e reduzir o desemprego. Esses s\u00e3o os dois maiores flagelos sociais brasileiros. Ainda que todos digam as mesmas coisas e fa\u00e7am as mesmas promessas, n\u00e3o importam seus partidos e sua ideologia, as diverg\u00eancias est\u00e3o no caminho escolhido para atingir os objetivos.<\/p>\n<p>Os socialistas ir\u00e3o propor mais Estado, mais impostos, maior interfer\u00eancia na vida das pessoas e prometer\u00e3o tomar o que puderem do patrim\u00f4nio dos outros, especialmente dos ricos. Falar\u00e3o em aumentar impostos sobre lucros e dividendos, tributar as grandes fortunas e aumentar o imposto sobre heran\u00e7as. E dar\u00e3o como justificativa que assim agir\u00e3o para oferecer mais servi\u00e7os p\u00fablicos aos pobres. Ali\u00e1s, \u00e9 isso que prop\u00f5e o badalado economista franc\u00eas de esquerda Thomas Piketty, em seu livro\u00a0<em>O Capital no S\u00e9culo XXI<\/em>.<\/p>\n<p>Em nome de combater as desigualdades, Piketty sugere aumentar impostos. A fal\u00e1cia desse racioc\u00ednio \u00e9 simples: \u00e9 grande ilus\u00e3o acreditar que aumento de impostos vai beneficiar os pobres. A pr\u00e1tica mostra que aumentar a tributa\u00e7\u00e3o n\u00e3o resolve a pobreza, e a maior parte do dinheiro vai para o bolso dos pol\u00edticos, dos funcion\u00e1rios p\u00fablicos e para a burocracia inchada e ineficiente. Quem diz isso \u00e9 o Ipea, \u00f3rg\u00e3o do governo federal, em estudo feito no fim do governo Lula, cujo presidente era um petista.<\/p>\n<p>Os sociais-democratas ir\u00e3o propor amplia\u00e7\u00e3o dos programas de transfer\u00eancia de renda para os pobres (como o Bolsa Fam\u00edlia e outros do tipo), pois eles querem se parecer com o discurso da esquerda. O tra\u00e7o comum entre todos ser\u00e1 xingar os banqueiros e defender interven\u00e7\u00e3o no mercado via protecionismo e xenofobia. Talvez apare\u00e7a candidato propondo o controle de pre\u00e7os de bens e servi\u00e7os. N\u00e3o haver\u00e1 disputa de objetivos. Haver\u00e1 disputa de caminhos, at\u00e9 porque, qualquer pessoa minimamente s\u00e3 \u00e9 favor\u00e1vel a reduzir a pobreza e diminuir o desemprego.<\/p>\n<p>A prop\u00f3sito, vale lembrar dois prov\u00e9rbios. O primeiro vem da filosofia chinesa. \u201cD\u00ea um peixe a um homem e o alimentar\u00e1 por um dia. Ensine-o a pescar e o alimentar\u00e1 por toda a vida\u201d. Esse \u00e9 o problema do Bolsa Fam\u00edlia. \u00c9 um programa sem porta de sa\u00edda. H\u00e1 d\u00e9cadas se sabe que qualquer pol\u00edtica de ajuda aos pobres que n\u00e3o inclua a educa\u00e7\u00e3o obrigat\u00f3ria e qualifica\u00e7\u00e3o profissional est\u00e1 fadada ao fracasso e eterniza o pobre na pobreza.<\/p>\n<p>O segundo \u00e9 a resposta de Roberto Campos a uma pergunta no programa\u00a0<em>Roda Viva\u00a0<\/em>da TV Cultura. Acusado de n\u00e3o se preocupar com os pobres, ele respondeu que passou a vida dedicado a erradicar as duas maiores causas da pobreza: a infla\u00e7\u00e3o e a baixa educa\u00e7\u00e3o. E afirmou que a diferen\u00e7a entre os socialistas e os liberais \u00e9 que os primeiros querem resolver a pobreza dando comida e vales aos pobres (dar o peixe), enquanto ele, liberal, queria exterminar a infla\u00e7\u00e3o e elevar a educa\u00e7\u00e3o (ensinar a pescar). A curto prazo, os programas de combate \u00e0 fome s\u00e3o necess\u00e1rios, mas n\u00e3o s\u00e3o receita para p\u00f4r fim \u00e0 pobreza.<\/p>\n<p>Outra diferen\u00e7a \u00e9 que os socialistas pregam mais controles, enquanto os liberais querem mais liberdade e mais mercado. Um bom exemplo \u00e9 Singapura que, de pa\u00eds pobre e sem perspectiva, passou \u00e0 riqueza, com renda por habitante de US$ 81 mil\/ano, contra US$ 10 mil\/ano no Brasil. E qual foi a solu\u00e7\u00e3o? Mercado! Mercado e liberdade econ\u00f4mica. \u201cO respeito ao produtor de riqueza \u00e9 o come\u00e7o da solu\u00e7\u00e3o da pobreza\u201d era uma frase repetida por Roberto Campos, para quem o mundo n\u00e3o ser\u00e1 salvo pelos caridosos, mas pelos eficientes. Mesmo porque, se os eficientes n\u00e3o produzirem, os caridosos n\u00e3o\u00a0<span id=\"OBJ_PREFIX_DWT1872_com_zimbra_date\" class=\"Object\"><span id=\"OBJ_PREFIX_DWT1883_com_zimbra_date\" class=\"Object\">ter<\/span><\/span>\u00e3o o que distribuir.<\/p>\n<div class=\"c-pedigree\"><em><strong><span class=\"c-autor\">*Jos\u00e9 Pio Martins &#8211;<\/span>\u00a0economista, reitor da Universidade Positivo.<\/strong><\/em><\/div>\n","protected":false},"excerpt":{"rendered":"<p>O mundo n\u00e3o ser\u00e1 salvo pelos caridosos, mas pelos eficientes. Mesmo porque, se os eficientes n\u00e3o produzirem, os caridosos n\u00e3o\u00a0ter\u00e3o o que distribuir. Os socialistas ir\u00e3o propor mais Estado, mais impostos, maior interfer\u00eancia na vida das pessoas e prometer\u00e3o tomar o que puderem do patrim\u00f4nio dos outros, especialmente dos ricos.\u00a0Os sociais-democratas, a amplia\u00e7\u00e3o dos programas de transfer\u00eancia de renda para [&hellip;]<\/p>\n","protected":false},"author":27,"featured_media":0,"comment_status":"open","ping_status":"closed","sticky":false,"template":"","format":"standard","meta":{"footnotes":""},"categories":[2719],"tags":[3668,10725,207,3658,2293,6680,10726,4122,2021,56,10290,10729,3798,10730,2770,814,1757,489,1353,3335,1454,8629,3911,81,2372,1636,9635,10732,24,10731,358,2368,1379,10728,10727,1429,591,10733],"class_list":["post-7963","post","type-post","status-publish","format-standard","hentry","category-servidor","tag-banqueiros","tag-caridosos","tag-controle","tag-controles","tag-desemprego","tag-discursos","tag-distribuir","tag-eficientes","tag-eleicoes","tag-estado","tag-falacia","tag-flagelos","tag-governadores","tag-ideologias","tag-impostos","tag-interferencia","tag-liberdade","tag-mercado","tag-objetivos","tag-partidos","tag-patrimonio","tag-pobreza","tag-precos","tag-presidente","tag-producao","tag-programas","tag-promessas","tag-protecionismo","tag-publicos","tag-raciocinio","tag-renda","tag-ricos","tag-servicos","tag-sociais-democratas","tag-socialistas","tag-solucao","tag-transferencia","tag-xenofobia"],"_links":{"self":[{"href":"https:\/\/blogs.correiobraziliense.com.br\/servidor\/wp-json\/wp\/v2\/posts\/7963","targetHints":{"allow":["GET"]}}],"collection":[{"href":"https:\/\/blogs.correiobraziliense.com.br\/servidor\/wp-json\/wp\/v2\/posts"}],"about":[{"href":"https:\/\/blogs.correiobraziliense.com.br\/servidor\/wp-json\/wp\/v2\/types\/post"}],"author":[{"embeddable":true,"href":"https:\/\/blogs.correiobraziliense.com.br\/servidor\/wp-json\/wp\/v2\/users\/27"}],"replies":[{"embeddable":true,"href":"https:\/\/blogs.correiobraziliense.com.br\/servidor\/wp-json\/wp\/v2\/comments?post=7963"}],"version-history":[{"count":1,"href":"https:\/\/blogs.correiobraziliense.com.br\/servidor\/wp-json\/wp\/v2\/posts\/7963\/revisions"}],"predecessor-version":[{"id":7964,"href":"https:\/\/blogs.correiobraziliense.com.br\/servidor\/wp-json\/wp\/v2\/posts\/7963\/revisions\/7964"}],"wp:attachment":[{"href":"https:\/\/blogs.correiobraziliense.com.br\/servidor\/wp-json\/wp\/v2\/media?parent=7963"}],"wp:term":[{"taxonomy":"category","embeddable":true,"href":"https:\/\/blogs.correiobraziliense.com.br\/servidor\/wp-json\/wp\/v2\/categories?post=7963"},{"taxonomy":"post_tag","embeddable":true,"href":"https:\/\/blogs.correiobraziliense.com.br\/servidor\/wp-json\/wp\/v2\/tags?post=7963"}],"curies":[{"name":"wp","href":"https:\/\/api.w.org\/{rel}","templated":true}]}}