{"id":7957,"date":"2018-01-18T16:03:04","date_gmt":"2018-01-18T18:03:04","guid":{"rendered":"https:\/\/blogs.correiobraziliense.com.br\/servidor\/?p=7957"},"modified":"2018-01-18T16:03:04","modified_gmt":"2018-01-18T18:03:04","slug":"governo-reajusta-salario-minimo-abaixo-da-inflacao-e-prejudica-22-milhoes-de-aposentados","status":"publish","type":"post","link":"https:\/\/blogs.correiobraziliense.com.br\/servidor\/governo-reajusta-salario-minimo-abaixo-da-inflacao-e-prejudica-22-milhoes-de-aposentados\/","title":{"rendered":"Governo reajusta sal\u00e1rio m\u00ednimo abaixo da infla\u00e7\u00e3o e prejudica 22 milh\u00f5es de aposentados"},"content":{"rendered":"<p><em>For\u00e7a Sindical e\u00a0\u00a0Sindicato Nacional dos Aposentados, Pensionistas e Idosos entraram com uma \u00a0A\u00e7\u00e3o Direta de Inconstitucionalidade\u00a0(Adin), no STF,\u00a0 para que o governo reveja os \u00edndices de reajuste do sal\u00e1rio m\u00ednimo. Citam estudos do Dieese para provar que\u00a0o sal\u00e1rio m\u00ednimo 2017 tamb\u00e9m ficou defasado, uma vez que o reajuste foi de 6,48% e as perdas inflacion\u00e1rias chegaram a 6,58%. As perdas nos dois \u00faltimos anos contabilizam 0,36%<\/em><\/p>\n<p>Veja a nota:<\/p>\n<p>&#8220;Ao reajustar o sal\u00e1rio m\u00ednimo com \u00edndices abaixo da infla\u00e7\u00e3o pelo segundo ano consecutivo, o governo conseguiu piorar o que j\u00e1 era ruim. Conforme o INPC (\u00cdndice Nacional de Pre\u00e7os ao Consumidor), o acumulado nos \u00faltimos 12 meses foi de 2,07%, sendo que o governo repassou apenas 1,81%.<\/p>\n<p>Com essa medida absurda e insensata, sob o contexto de eleva\u00e7\u00e3o do custo de vida, o governo promoveu um achatamento ainda maior nos vencimentos dos cerca de 22 milh\u00f5es de brasileiros aposentados, ou seja, 70% dos benefici\u00e1rios do INSS, que ter\u00e3o de sobreviver com uma renda, insatisfat\u00f3ria, de R$ 954,00.<\/p>\n<p>De acordo com o Departamento Intersindical de Estat\u00edstica e Estudos Socioecon\u00f4micos (Dieese), o sal\u00e1rio m\u00ednimo 2017 tamb\u00e9m ficou defasado, uma vez que o reajuste foi de 6,48% e as perdas inflacion\u00e1rias chegaram a 6,58%. As perdas nos dois \u00faltimos anos contabilizam 0,36%.<\/p>\n<p>A medida do governo, al\u00e9m de penalizar milh\u00f5es de brasileiros, tamb\u00e9m desrespeita a Lei em que determina o reajuste do m\u00ednimo com a reposi\u00e7\u00e3o das perdas inflacion\u00e1rias conforme o INPC somado ao PIB de dois anos anteriores. Como o PIB foi negativo, deveria ser assegurado ao m\u00ednimo os 2,07% do INPC, mas nem isso o governo repassou.<\/p>\n<p>A For\u00e7a Sindical e o Sindicato Nacional dos Aposentados, que lutam permanentemente por uma pol\u00edtica de recupera\u00e7\u00e3o do poder de compra do segmento, ingressaram com uma ADIN (A\u00e7\u00e3o Direta de Inconstitucionalidade) no STF,\u00a0 para que o governo reveja os \u00edndices de reajuste do sal\u00e1rio m\u00ednimo.<\/p>\n<p>Paulo Pereira da Silva, Paulinho da For\u00e7a, presidente da For\u00e7a Sindical<\/p>\n<p>Marcos Bulgarelli, presidente do Sindicato Nacional dos Aposentados, Pensionistas e Idosos<\/p>\n","protected":false},"excerpt":{"rendered":"<p>For\u00e7a Sindical e\u00a0\u00a0Sindicato Nacional dos Aposentados, Pensionistas e Idosos entraram com uma \u00a0A\u00e7\u00e3o Direta de Inconstitucionalidade\u00a0(Adin), no STF,\u00a0 para que o governo reveja os \u00edndices de reajuste do sal\u00e1rio m\u00ednimo. Citam estudos do Dieese para provar que\u00a0o sal\u00e1rio m\u00ednimo 2017 tamb\u00e9m ficou defasado, uma vez que o reajuste foi de 6,48% e as perdas inflacion\u00e1rias chegaram a 6,58%. As perdas [&hellip;]<\/p>\n","protected":false},"author":27,"featured_media":0,"comment_status":"open","ping_status":"closed","sticky":false,"template":"","format":"standard","meta":{"footnotes":""},"categories":[2719],"tags":[2117,10718,3702,345,980,5930,2026,870,98,3654,240,911,4000,11,10717,668,598,63,358,1805,10716,34,2926],"class_list":["post-7957","post","type-post","status-publish","format-standard","hentry","category-servidor","tag-abaixo","tag-achatamento","tag-adin","tag-aposentados","tag-beneficiarios","tag-defasado","tag-dieese","tag-forca-sindical","tag-governo","tag-indices","tag-inflacao","tag-inflacionarias","tag-inpc","tag-inss","tag-pensionistas-e-idosos","tag-perdas","tag-prejudica","tag-reajuste","tag-renda","tag-salario-minimo","tag-sindicato-nacional-dos-aposentados","tag-stf","tag-vencimentos"],"_links":{"self":[{"href":"https:\/\/blogs.correiobraziliense.com.br\/servidor\/wp-json\/wp\/v2\/posts\/7957","targetHints":{"allow":["GET"]}}],"collection":[{"href":"https:\/\/blogs.correiobraziliense.com.br\/servidor\/wp-json\/wp\/v2\/posts"}],"about":[{"href":"https:\/\/blogs.correiobraziliense.com.br\/servidor\/wp-json\/wp\/v2\/types\/post"}],"author":[{"embeddable":true,"href":"https:\/\/blogs.correiobraziliense.com.br\/servidor\/wp-json\/wp\/v2\/users\/27"}],"replies":[{"embeddable":true,"href":"https:\/\/blogs.correiobraziliense.com.br\/servidor\/wp-json\/wp\/v2\/comments?post=7957"}],"version-history":[{"count":1,"href":"https:\/\/blogs.correiobraziliense.com.br\/servidor\/wp-json\/wp\/v2\/posts\/7957\/revisions"}],"predecessor-version":[{"id":7958,"href":"https:\/\/blogs.correiobraziliense.com.br\/servidor\/wp-json\/wp\/v2\/posts\/7957\/revisions\/7958"}],"wp:attachment":[{"href":"https:\/\/blogs.correiobraziliense.com.br\/servidor\/wp-json\/wp\/v2\/media?parent=7957"}],"wp:term":[{"taxonomy":"category","embeddable":true,"href":"https:\/\/blogs.correiobraziliense.com.br\/servidor\/wp-json\/wp\/v2\/categories?post=7957"},{"taxonomy":"post_tag","embeddable":true,"href":"https:\/\/blogs.correiobraziliense.com.br\/servidor\/wp-json\/wp\/v2\/tags?post=7957"}],"curies":[{"name":"wp","href":"https:\/\/api.w.org\/{rel}","templated":true}]}}