{"id":7946,"date":"2018-01-17T22:08:18","date_gmt":"2018-01-18T00:08:18","guid":{"rendered":"https:\/\/blogs.correiobraziliense.com.br\/servidor\/?p=7946"},"modified":"2018-01-17T22:08:18","modified_gmt":"2018-01-18T00:08:18","slug":"agenda","status":"publish","type":"post","link":"https:\/\/blogs.correiobraziliense.com.br\/servidor\/agenda\/","title":{"rendered":"Agenda dos servidores contra a reforma da Previd\u00eancia"},"content":{"rendered":"<p><em>Considerando o retorno das atividades parlamentares e a pr\u00e9-agenda de vota\u00e7\u00e3o da reforma da Previd\u00eancia prevista para o dia 19 de fevereiro, a Frente Parlamentar Mista em Defesa da Previd\u00eancia Social j\u00e1 prepara agendas com o objetivo de fortalecer as a\u00e7\u00f5es em defesa da previd\u00eancia p\u00fablica<\/em><\/p>\n<p>Dia 5 de fevereiro, , \u00e0s 9 horas, audi\u00eancia p\u00fablica \u201c O relat\u00f3rio da CPI da Previd\u00eancia\u201d na CDH &#8211; Anexo II &#8211; Ala Senador Nilo Coelho do Senado Federal.<\/p>\n<p>Dia 6 de fevereiro, ter\u00e7a-feira, \u00e0s 14 horas, reuni\u00e3o da Frente Parlamentar Mista em Defesa Previd\u00eancia Social, em plen\u00e1rio a ser definido da C\u00e2mara dos Deputados, oportunidade em que ser\u00e3o discutidas agendas de a\u00e7\u00f5es contra a Reforma da Previd\u00eancia. (Divulgaremos oportunamente o local);<\/p>\n<p>Dias 19 e 20 de fevereiro, segunda e ter\u00e7a-feira, Semin\u00e1rio em Defesa da Previd\u00eancia P\u00fablica &#8211; A Previd\u00eancia Social que Queremos, que provavelmente ser\u00e1no audit\u00f3rio Petr\u00f4nio Portela do Senado Federal (no audit\u00f3rio Nereu Ramos, na C\u00e2mara dos Deputados est\u00e1 bloqueado o uso, embora tenha sido feita a reserva).<\/p>\n<p>No evento, participa\u00e7\u00e3o da representa\u00e7\u00e3o do movimento sindical argentino, que expor\u00e1 a experi\u00eancia da luta contra a reforma da previd\u00eancia no pa\u00eds vizinho no fim do ano de 2017. Tamb\u00e9m acontecer\u00e3o palestras explicando o conte\u00fado da emenda aglutinativa do governo e o resultado da CPI da Previd\u00eancia do Senado.<\/p>\n<p>O evento ter\u00e1 in\u00edcio \u00e0s 14 horas, do dia 19 de fevereiro, \u00a0continuando durante todo o dia 20.<\/p>\n<p>&nbsp;<\/p>\n","protected":false},"excerpt":{"rendered":"<p>Considerando o retorno das atividades parlamentares e a pr\u00e9-agenda de vota\u00e7\u00e3o da reforma da Previd\u00eancia prevista para o dia 19 de fevereiro, a Frente Parlamentar Mista em Defesa da Previd\u00eancia Social j\u00e1 prepara agendas com o objetivo de fortalecer as a\u00e7\u00f5es em defesa da previd\u00eancia p\u00fablica Dia 5 de fevereiro, , \u00e0s 9 horas, audi\u00eancia p\u00fablica \u201c O relat\u00f3rio da [&hellip;]<\/p>\n","protected":false},"author":27,"featured_media":0,"comment_status":"open","ping_status":"closed","sticky":false,"template":"","format":"standard","meta":{"footnotes":""},"categories":[2719],"tags":[203,1527,10701,463,192,2065,152,4730,988,1835,2665,540,2776,9727,10702,4684,16,267,58,4319,1498],"class_list":["post-7946","post","type-post","status-publish","format-standard","hentry","category-servidor","tag-acoes","tag-agenda","tag-argentino","tag-atividades","tag-audiencia","tag-auditorio","tag-cpi","tag-fevereiro","tag-fortalecer","tag-frente-parlamentar-mista-em-defesa-da-previdencia-social","tag-legislativas","tag-movimento","tag-plenario","tag-reforma-da-previdencia","tag-relatrio","tag-representacao","tag-retorno","tag-seminario","tag-servidores","tag-sindical","tag-votacao"],"_links":{"self":[{"href":"https:\/\/blogs.correiobraziliense.com.br\/servidor\/wp-json\/wp\/v2\/posts\/7946","targetHints":{"allow":["GET"]}}],"collection":[{"href":"https:\/\/blogs.correiobraziliense.com.br\/servidor\/wp-json\/wp\/v2\/posts"}],"about":[{"href":"https:\/\/blogs.correiobraziliense.com.br\/servidor\/wp-json\/wp\/v2\/types\/post"}],"author":[{"embeddable":true,"href":"https:\/\/blogs.correiobraziliense.com.br\/servidor\/wp-json\/wp\/v2\/users\/27"}],"replies":[{"embeddable":true,"href":"https:\/\/blogs.correiobraziliense.com.br\/servidor\/wp-json\/wp\/v2\/comments?post=7946"}],"version-history":[{"count":1,"href":"https:\/\/blogs.correiobraziliense.com.br\/servidor\/wp-json\/wp\/v2\/posts\/7946\/revisions"}],"predecessor-version":[{"id":7947,"href":"https:\/\/blogs.correiobraziliense.com.br\/servidor\/wp-json\/wp\/v2\/posts\/7946\/revisions\/7947"}],"wp:attachment":[{"href":"https:\/\/blogs.correiobraziliense.com.br\/servidor\/wp-json\/wp\/v2\/media?parent=7946"}],"wp:term":[{"taxonomy":"category","embeddable":true,"href":"https:\/\/blogs.correiobraziliense.com.br\/servidor\/wp-json\/wp\/v2\/categories?post=7946"},{"taxonomy":"post_tag","embeddable":true,"href":"https:\/\/blogs.correiobraziliense.com.br\/servidor\/wp-json\/wp\/v2\/tags?post=7946"}],"curies":[{"name":"wp","href":"https:\/\/api.w.org\/{rel}","templated":true}]}}