{"id":7942,"date":"2018-01-17T21:09:17","date_gmt":"2018-01-17T23:09:17","guid":{"rendered":"https:\/\/blogs.correiobraziliense.com.br\/servidor\/?p=7942"},"modified":"2018-01-17T19:18:53","modified_gmt":"2018-01-17T21:18:53","slug":"governo-e-empresariado-contra-greve-dos-servidores-do-fisco","status":"publish","type":"post","link":"https:\/\/blogs.correiobraziliense.com.br\/servidor\/governo-e-empresariado-contra-greve-dos-servidores-do-fisco\/","title":{"rendered":"Governo e empresariado contra greve dos servidores do Fisco"},"content":{"rendered":"<p><em>Amanh\u00e3, o presidente do Sindifisco,\u00a0Claudio Damasceno, se re\u00fane com o secret\u00e1rio da Receita, Jorge Rachid,\u00a0\u00e0s\u00a019\u00a0horas, para discutir sobre a campanha salarial. Sindifisco cobra\u00a0a todos os subsecret\u00e1rios, coordenadores, superintendentes, delegados e chefes da Receita uma entrega coletiva dos cargos como resposta \u00e0 demora na regulamenta\u00e7\u00e3o do\u00a0b\u00f4nus<\/em><\/p>\n<p>Os protestos dos servidores da Receita Federal come\u00e7am a incomodar o governo e o setor produtivo. Na \u00faltima segunda-feira (15), o ministro do Planejamento, Dyogo Oliveira, se reuniu com a presidente do Supremo Tribunal Federal (STF), ministra C\u00e1rmen L\u00facia, para tratar especificamente da greve na Receita Federal\u201d. Embora o Minist\u00e9rio do Planejamento tenha informado que \u201cn\u00e3o poderia ajudar nessa pauta, porque o ministro Dyogo saiu da reuni\u00e3o sem falar com jornalistas\u201d, fontes ligadas ao Fisco garantem que o objetivo foi fazer ajustes conjuntos em uma liminar de 2014 que pro\u00edbe greve geral no \u00f3rg\u00e3o, mas n\u00e3o veda outras formas de manifesta\u00e7\u00e3o, como opera\u00e7\u00f5es tartaruga, que v\u00eam derrubando a arrecada\u00e7\u00e3o no pa\u00eds.<\/p>\n<p>C\u00e1lculos do pr\u00f3prio Sindicato Nacional dos Auditores-Fiscais da Receita (Sindifisco), um dia de greve custa \u00e0 sociedade e ao governo cerca de R$1,5 bilh\u00e3o. Apenas esse ano, apontam empres\u00e1rios, a lentid\u00e3o nos despachos, somente em Foz do Igua\u00e7u, j\u00e1 teria causado preju\u00edzo da ordem de R$ 400 milh\u00f5es. Para Jos\u00e9 Augusto de Castro, presidente da Associa\u00e7\u00e3o de Com\u00e9rcio Exterior (AEB), o grande problema, principalmente para o setor de manufaturados, \u00e9 a despesa excedente e a impossibilidade de repasse aos pre\u00e7os. \u201cA carta de cr\u00e9dito, dependendo do pa\u00eds, custa entre 3% e 5% do valor da exporta\u00e7\u00e3o. Se o embarque n\u00e3o acontece, o empres\u00e1rio tem que renovar. Perde tempo e dinheiro, porque o navio que aguarda a carga, a um custo parado de US$ 100 por dia, n\u00e3o vai esperar\u201d, explica Castro.<\/p>\n<p>Castro lembra que, \u201cem nenhum pa\u00eds civilizado, h\u00e1 greve no Fisco federal\u201d. Para analistas do mercado, no entanto, n\u00e3o se deve \u201cvalorizar tanto o movimento grevista\u201d. A rigor, as transa\u00e7\u00f5es comerciais no Brasil n\u00e3o depende totalmente dos auditores. De acordo com Minist\u00e9rio da Ind\u00fastria, Com\u00e9rcio Exterior e Servi\u00e7os (MDIC), \u201cos resultados est\u00e3o diretamente relacionados ao desempenho da economia brasileira no per\u00edodo\u201d. De 2012 a 2016, importa\u00e7\u00f5es e exporta\u00e7\u00f5es despencaram. Os piores resultados para as exporta\u00e7\u00f5es foram em 2014 e 2015 (-7% e -15,9%, respectivamente). Para a importa\u00e7\u00f5es, 2015 e 2016 (- 25,18 e -19,77%). Em 2017, ambas cresceram 17,55% e 9,59%.<\/p>\n<p><strong>Mais um cap\u00edtulo<\/strong><\/p>\n<p>Desde 2016, auditores-fiscais fazem uma s\u00e9rie de a\u00e7\u00f5es que interferem em portos, aeroportos e fronteiras, para pressionar o Executivo a regulamentar o b\u00f4nus de efici\u00eancia, benef\u00edcio que representa um extra de R$ 3 mil a mais nos contracheques, al\u00e9m dos sal\u00e1rios. Em mais um cap\u00edtulo da queda de bra\u00e7o entre governo e servidores, hoje, o presidente do Sindifisco, Claudio Damasceno, participa de reuni\u00e3o com o secret\u00e1rio da Receita, Jorge Rachid, \u00e0s 19 horas, para discutir sobre a campanha salarial. Por meio de nota, o Sindifisco informou que \u201cn\u00e3o tem conhecimento do resultado da reuni\u00e3o entre o ministro Dyogo e a ministra C\u00e1rmen L\u00facia\u201d.<\/p>\n<p>Em 15 de janeiro, o Sindifisco enviou carta a Rachid e a todos os subsecret\u00e1rios, coordenadores, superintendentes, delegados e chefes da Receita sugerindo a entrega dos cargos como resposta \u00e0 demora na regulamenta\u00e7\u00e3o do b\u00f4nus. A ren\u00fancia coletiva seria, de acordo com a carta, contra a omiss\u00e3o do governo e do pr\u00f3prio secret\u00e1rio.\u201cO vosso sil\u00eancio (de Rachid) tem sido c\u00famplice da situa\u00e7\u00e3o a que chegamos e contribu\u00eddo para que o governo continue procrastinando seus compromissos conosco\u201d, afirma o documento. \u201cSabemos a import\u00e2ncia que temos para a manuten\u00e7\u00e3o do Estado e devemos reivindicar tratamento \u00e0 altura dessa condi\u00e7\u00e3o\u201d, refor\u00e7a a carta.<\/p>\n","protected":false},"excerpt":{"rendered":"<p>Amanh\u00e3, o presidente do Sindifisco,\u00a0Claudio Damasceno, se re\u00fane com o secret\u00e1rio da Receita, Jorge Rachid,\u00a0\u00e0s\u00a019\u00a0horas, para discutir sobre a campanha salarial. Sindifisco cobra\u00a0a todos os subsecret\u00e1rios, coordenadores, superintendentes, delegados e chefes da Receita uma entrega coletiva dos cargos como resposta \u00e0 demora na regulamenta\u00e7\u00e3o do\u00a0b\u00f4nus Os protestos dos servidores da Receita Federal come\u00e7am a incomodar o governo e o setor [&hellip;]<\/p>\n","protected":false},"author":27,"featured_media":0,"comment_status":"open","ping_status":"closed","sticky":false,"template":"","format":"standard","meta":{"footnotes":""},"categories":[2719],"tags":[10694,78,946,648,1468,596,7630,791,10696,680,2424,10691,232,4129,3994,9486,3867,1273,9,5389,247,98,15,5212,617,1151,10695,141,10693,3911,294,923,4180,1492,30,58,10692,34,966,4085],"class_list":["post-7942","post","type-post","status-publish","format-standard","hentry","category-servidor","tag-aeb","tag-ajuste","tag-arrecadacao","tag-auditores-fiscais","tag-bonus-de-eficiencia","tag-campanha-salarial","tag-carga","tag-cargos","tag-carta-de-credito","tag-coletiva","tag-contracheques","tag-coordenadores","tag-delegados","tag-demora","tag-despesa","tag-embarque","tag-empresariado","tag-entrega","tag-executivo","tag-exportacao","tag-fisco","tag-governo","tag-greve","tag-importacao","tag-liminar","tag-manifestacao","tag-manufaturados","tag-ministerio-do-planejamento","tag-operacoes-tartaruga","tag-precos","tag-receita-federal","tag-regulamentacao","tag-repasse","tag-resposta","tag-salarios","tag-servidores","tag-setor-produtivo","tag-stf","tag-subsecretarios","tag-superintendentes"],"_links":{"self":[{"href":"https:\/\/blogs.correiobraziliense.com.br\/servidor\/wp-json\/wp\/v2\/posts\/7942","targetHints":{"allow":["GET"]}}],"collection":[{"href":"https:\/\/blogs.correiobraziliense.com.br\/servidor\/wp-json\/wp\/v2\/posts"}],"about":[{"href":"https:\/\/blogs.correiobraziliense.com.br\/servidor\/wp-json\/wp\/v2\/types\/post"}],"author":[{"embeddable":true,"href":"https:\/\/blogs.correiobraziliense.com.br\/servidor\/wp-json\/wp\/v2\/users\/27"}],"replies":[{"embeddable":true,"href":"https:\/\/blogs.correiobraziliense.com.br\/servidor\/wp-json\/wp\/v2\/comments?post=7942"}],"version-history":[{"count":1,"href":"https:\/\/blogs.correiobraziliense.com.br\/servidor\/wp-json\/wp\/v2\/posts\/7942\/revisions"}],"predecessor-version":[{"id":7943,"href":"https:\/\/blogs.correiobraziliense.com.br\/servidor\/wp-json\/wp\/v2\/posts\/7942\/revisions\/7943"}],"wp:attachment":[{"href":"https:\/\/blogs.correiobraziliense.com.br\/servidor\/wp-json\/wp\/v2\/media?parent=7942"}],"wp:term":[{"taxonomy":"category","embeddable":true,"href":"https:\/\/blogs.correiobraziliense.com.br\/servidor\/wp-json\/wp\/v2\/categories?post=7942"},{"taxonomy":"post_tag","embeddable":true,"href":"https:\/\/blogs.correiobraziliense.com.br\/servidor\/wp-json\/wp\/v2\/tags?post=7942"}],"curies":[{"name":"wp","href":"https:\/\/api.w.org\/{rel}","templated":true}]}}