{"id":7940,"date":"2018-01-17T15:01:50","date_gmt":"2018-01-17T17:01:50","guid":{"rendered":"https:\/\/blogs.correiobraziliense.com.br\/servidor\/?p=7940"},"modified":"2018-01-17T15:01:50","modified_gmt":"2018-01-17T17:01:50","slug":"pec-permite-ao-congresso-refazer-estatuto-da-magistratura","status":"publish","type":"post","link":"https:\/\/blogs.correiobraziliense.com.br\/servidor\/pec-permite-ao-congresso-refazer-estatuto-da-magistratura\/","title":{"rendered":"PEC permite ao Congresso refazer Estatuto da Magistratura"},"content":{"rendered":"<p><em>O Congresso Nacional e a Presid\u00eancia da Rep\u00fablica poder\u00e3o ser autorizados a criar um novo Estatuto da Magistratura \u2014 prerrogativa exclusiva, no momento, do Supremo Tribunal Federal (STF). \u00c9 o que determina a Proposta de Emenda \u00e0 Constitui\u00e7\u00e3o (PEC) 64\/2015, do senador licenciado Ricardo Ferra\u00e7o (PSDB-ES), em tramita\u00e7\u00e3o na Comiss\u00e3o de Constitui\u00e7\u00e3o, Justi\u00e7a e Cidadania (CCJ)<\/em><\/p>\n<p>Os ju\u00edzes brasileiros ainda s\u00e3o regidos por um estatuto anterior \u00e0 Constitui\u00e7\u00e3o de 1988: o texto em vigor, que estabelece os direitos e deveres da categoria, \u00e9 de 1979. Apenas o STF pode reform\u00e1-lo, o que ainda n\u00e3o foi feito. A PEC de Ferra\u00e7o\u00a0modifica a Constitui\u00e7\u00e3o para extinguir a exclusividade do Supremo na tarefa de fazer um novo Estatuto da Magistratura. Assim, membros do Congresso Nacional e tamb\u00e9m o presidente da Rep\u00fablica passariam a ter permiss\u00e3o para atualizar a lei.<\/p>\n<p>O Estatuto da Magistratura \u00e9 o conjunto de normas que orienta a atividade dos ju\u00edzes, estabelecendo os direitos e deveres da categoria. Ele cont\u00e9m dispositivos considerados pol\u00eamicos, como a puni\u00e7\u00e3o na forma de aposentadoria compuls\u00f3ria e as f\u00e9rias de dois meses por ano.<\/p>\n<p>Diversas propostas de atualiza\u00e7\u00e3o circulam no STF h\u00e1 anos, mas nenhuma chegou a ser enviada ao Congresso para aprecia\u00e7\u00e3o. Como a Constitui\u00e7\u00e3o determina que apenas o Supremo tem o poder de iniciativa sobre esse tema, os parlamentares n\u00e3o podem modificar a lei atual antes da manifesta\u00e7\u00e3o do tribunal.<\/p>\n<p>Para Ricardo Ferra\u00e7o, essa regra engessa a discuss\u00e3o sobre as prerrogativas dos ju\u00edzes e impede que a sociedade tenha voz no que concerne a atividade do Poder Judici\u00e1rio.<\/p>\n<p>\u201cDecorridos tantos anos da promulga\u00e7\u00e3o da Constitui\u00e7\u00e3o, o Congresso ainda n\u00e3o pode discutir quest\u00e3o t\u00e3o importante, pois ainda aguardamos a iniciativa da Suprema Corte. Quest\u00f5es de suma import\u00e2ncia para o controle social da atividade da magistratura, como a possibilidade da exonera\u00e7\u00e3o de magistrados por cometimento de condutas incompat\u00edveis, angustiam e desafiam a sociedade brasileira\u201d, escreve o senador na sua justificativa para o projeto.<\/p>\n<p>A PEC tem voto favor\u00e1vel do relator, senador Jorge Viana (PT-AC), e j\u00e1 pode ser votada pela CCJ. A comiss\u00e3o tamb\u00e9m recebeu uma nota t\u00e9cnica da Associa\u00e7\u00e3o dos Ju\u00edzes Federais do Brasil (Ajufe), que se posiciona contra a aprova\u00e7\u00e3o da mat\u00e9ria. Segundo a entidade, o fim da exclusividade do STF na elabora\u00e7\u00e3o de normas para a magistratura pode p\u00f4r em risco a separa\u00e7\u00e3o entre os poderes.<\/p>\n<p>Ferra\u00e7o afirma que a sua proposta n\u00e3o viola esse princ\u00edpio, apenas expande o debate para as demais inst\u00e2ncias da Uni\u00e3o. O objetivo, segundo o senador, \u00e9 apenas impedir a \u201cprolongada vac\u00e2ncia\u201d a respeito do tema.<\/p>\n<p>Caso seja aprovada pela CCJ, a PEC ter\u00e1 que passar por duas vota\u00e7\u00f5es no Plen\u00e1rio, com pelo menos 49 votos favor\u00e1veis em cada uma. Depois, seguir\u00e1 o mesmo procedimento na C\u00e2mara. Ap\u00f3s aprova\u00e7\u00e3o nas duas Casas, ela n\u00e3o precisa de san\u00e7\u00e3o presidencial, podendo ser promulgada imediatamente pelo Congresso Nacional.<\/p>\n<p class=\"text-muted\"><small>Fonte: Ag\u00eancia Senado<\/small><\/p>\n","protected":false},"excerpt":{"rendered":"<p>O Congresso Nacional e a Presid\u00eancia da Rep\u00fablica poder\u00e3o ser autorizados a criar um novo Estatuto da Magistratura \u2014 prerrogativa exclusiva, no momento, do Supremo Tribunal Federal (STF). \u00c9 o que determina a Proposta de Emenda \u00e0 Constitui\u00e7\u00e3o (PEC) 64\/2015, do senador licenciado Ricardo Ferra\u00e7o (PSDB-ES), em tramita\u00e7\u00e3o na Comiss\u00e3o de Constitui\u00e7\u00e3o, Justi\u00e7a e Cidadania (CCJ) Os ju\u00edzes brasileiros ainda [&hellip;]<\/p>\n","protected":false},"author":27,"featured_media":0,"comment_status":"open","ping_status":"closed","sticky":false,"template":"","format":"standard","meta":{"footnotes":""},"categories":[2719],"tags":[1405,6,379,2187,4213,6274,100,2584,8684,619,7361,10688,7363,908,2032,5614,344,621,1493,2156,10689,10444,2776,3839,2796,5136,5166,1141,10690,4331,351,34,5829],"class_list":["post-7940","post","type-post","status-publish","format-standard","hentry","category-servidor","tag-ajufe","tag-aposentadoria","tag-categoria","tag-ccj","tag-compulsoria","tag-condutas","tag-congresso","tag-constituicao","tag-deveres","tag-direitos","tag-dispositivos","tag-estatuto-da-magistratura","tag-exclusividade","tag-exoneracao","tag-ferias","tag-incompativeis","tag-juizes","tag-magistrados","tag-materia","tag-pec","tag-pec-642015","tag-permite","tag-plenario","tag-poderes","tag-polemicos","tag-prerrogativa","tag-presidente-da-republica","tag-punicao","tag-reformar","tag-separacao","tag-sociedade","tag-stf","tag-votos"],"_links":{"self":[{"href":"https:\/\/blogs.correiobraziliense.com.br\/servidor\/wp-json\/wp\/v2\/posts\/7940","targetHints":{"allow":["GET"]}}],"collection":[{"href":"https:\/\/blogs.correiobraziliense.com.br\/servidor\/wp-json\/wp\/v2\/posts"}],"about":[{"href":"https:\/\/blogs.correiobraziliense.com.br\/servidor\/wp-json\/wp\/v2\/types\/post"}],"author":[{"embeddable":true,"href":"https:\/\/blogs.correiobraziliense.com.br\/servidor\/wp-json\/wp\/v2\/users\/27"}],"replies":[{"embeddable":true,"href":"https:\/\/blogs.correiobraziliense.com.br\/servidor\/wp-json\/wp\/v2\/comments?post=7940"}],"version-history":[{"count":1,"href":"https:\/\/blogs.correiobraziliense.com.br\/servidor\/wp-json\/wp\/v2\/posts\/7940\/revisions"}],"predecessor-version":[{"id":7941,"href":"https:\/\/blogs.correiobraziliense.com.br\/servidor\/wp-json\/wp\/v2\/posts\/7940\/revisions\/7941"}],"wp:attachment":[{"href":"https:\/\/blogs.correiobraziliense.com.br\/servidor\/wp-json\/wp\/v2\/media?parent=7940"}],"wp:term":[{"taxonomy":"category","embeddable":true,"href":"https:\/\/blogs.correiobraziliense.com.br\/servidor\/wp-json\/wp\/v2\/categories?post=7940"},{"taxonomy":"post_tag","embeddable":true,"href":"https:\/\/blogs.correiobraziliense.com.br\/servidor\/wp-json\/wp\/v2\/tags?post=7940"}],"curies":[{"name":"wp","href":"https:\/\/api.w.org\/{rel}","templated":true}]}}