{"id":7938,"date":"2018-01-17T11:42:01","date_gmt":"2018-01-17T13:42:01","guid":{"rendered":"https:\/\/blogs.correiobraziliense.com.br\/servidor\/?p=7938"},"modified":"2018-01-17T11:42:01","modified_gmt":"2018-01-17T13:42:01","slug":"advogados-de-poupadores-criticam-acordo-mediado-pela-agu-com-os-bancos","status":"publish","type":"post","link":"https:\/\/blogs.correiobraziliense.com.br\/servidor\/advogados-de-poupadores-criticam-acordo-mediado-pela-agu-com-os-bancos\/","title":{"rendered":"Advogados de poupadores criticam acordo mediado pela AGU com os bancos"},"content":{"rendered":"<p><em>Um grupo de advogados insatisfeitos com o acordo costurado pela Advocacia-Geral da Uni\u00e3o (AGU) entre entidades de defesa do consumidor e bancos, para reposi\u00e7\u00e3o das perdas inflacion\u00e1rias dos planos Bresser, Ver\u00e3o e Collor, vai se reunir nesta quarta-feira (17\/01\/18), \u00e0s 14h, em Bauru (SP), com o presidente da Frente Brasileira dos Poupadores (Febrapo), Estevan Pegoraro. O objetivo \u00e9 obter esclarecimentos sobre os termos do acordo e tra\u00e7ar a\u00e7\u00f5es contra cl\u00e1usulas prejudiciais aos poupadores<\/em><\/p>\n<p>A reuni\u00e3o ser\u00e1 realizada no audit\u00f3rio do Sincom\u00e9rcio (Sindicato do Com\u00e9rcio Varejista), \u00e0 Avenida Na\u00e7\u00f5es Unidas, 17-45, Centro de Bauru. O acordo foi anunciado em novembro de 2017 como a solu\u00e7\u00e3o para um lit\u00edgio que j\u00e1 dura 10 anos e envolve milhares de poupadores que entraram na Justi\u00e7a com a\u00e7\u00f5es coletivas. No entanto, os advogados que criticam o acordo afirmam que os valores oferecidos pelos bancos n\u00e3o representam nem 20% dos valores devidos e que poderiam ser obtidos com decis\u00f5es judiciais.<\/p>\n<p>Al\u00e9m disso, eles alegam que os poupadores que entraram com a\u00e7\u00f5es individuais n\u00e3o foram convidados a participar da negocia\u00e7\u00e3o do acordo e que associa\u00e7\u00f5es autoras das a\u00e7\u00f5es coletivas n\u00e3o podem dispor dos direitos das pessoas que representam. Os advogados tamb\u00e9m n\u00e3o concordam com a cl\u00e1usula que suspende o andamento dos processos por dois anos, prazo dado para a ades\u00e3o dos interessados. O acordo est\u00e1 no Supremo Tribunal Federal para homologa\u00e7\u00e3o e recebeu decis\u00e3o favor\u00e1vel do ministro Dias Toffoli, relator de recursos de dois bancos.<\/p>\n<p>Os advogados dos poupadores querem que o ministro Dias Toffoli reconsidere a sua decis\u00e3o de homologar o acordo e que os ministros Gilmar Mendes e Ricardo Lewandowski, relatores de recursos de outros bancos, e que ainda n\u00e3o proferiram suas decis\u00f5es, ampliem o debate sobre o assunto.<\/p>\n<p><strong>SERVI\u00c7O<\/strong><br \/>\nReuni\u00e3o de advogados dos poupadores<br \/>\nData: Quarta-feira, 17 de janeiro de 2018<br \/>\nHor\u00e1rio: 14h<br \/>\nLocal: Audit\u00f3rio do Sincom\u00e9rcio (Sindicato do Com\u00e9rcio Varejista), Avenida Na\u00e7\u00f5es Unidas, 17-45, Centro de Bauru (SP)<\/p>\n","protected":false},"excerpt":{"rendered":"<p>Um grupo de advogados insatisfeitos com o acordo costurado pela Advocacia-Geral da Uni\u00e3o (AGU) entre entidades de defesa do consumidor e bancos, para reposi\u00e7\u00e3o das perdas inflacion\u00e1rias dos planos Bresser, Ver\u00e3o e Collor, vai se reunir nesta quarta-feira (17\/01\/18), \u00e0s 14h, em Bauru (SP), com o presidente da Frente Brasileira dos Poupadores (Febrapo), Estevan Pegoraro. O objetivo \u00e9 obter esclarecimentos [&hellip;]<\/p>\n","protected":false},"author":27,"featured_media":0,"comment_status":"open","ping_status":"closed","sticky":false,"template":"","format":"standard","meta":{"footnotes":""},"categories":[2719],"tags":[203,10687,265,157,744,10685,8875,4255,10679,1201,10683,476,911,260,10686,42,668,10680,10682,10681,4801,316,10684,1429,34],"class_list":["post-7938","post","type-post","status-publish","format-standard","hentry","category-servidor","tag-acoes","tag-acoes-coletivas","tag-advogados","tag-agu","tag-bancos","tag-bauru","tag-clausulas","tag-consumidor","tag-criticam-acordo","tag-defesa","tag-febrapo","tag-individuais","tag-inflacionarias","tag-justica","tag-litigio","tag-negociacao","tag-perdas","tag-plano-bresser","tag-plano-collor","tag-plano-verao","tag-poupadores","tag-recursos","tag-sincomercio","tag-solucao","tag-stf"],"_links":{"self":[{"href":"https:\/\/blogs.correiobraziliense.com.br\/servidor\/wp-json\/wp\/v2\/posts\/7938","targetHints":{"allow":["GET"]}}],"collection":[{"href":"https:\/\/blogs.correiobraziliense.com.br\/servidor\/wp-json\/wp\/v2\/posts"}],"about":[{"href":"https:\/\/blogs.correiobraziliense.com.br\/servidor\/wp-json\/wp\/v2\/types\/post"}],"author":[{"embeddable":true,"href":"https:\/\/blogs.correiobraziliense.com.br\/servidor\/wp-json\/wp\/v2\/users\/27"}],"replies":[{"embeddable":true,"href":"https:\/\/blogs.correiobraziliense.com.br\/servidor\/wp-json\/wp\/v2\/comments?post=7938"}],"version-history":[{"count":1,"href":"https:\/\/blogs.correiobraziliense.com.br\/servidor\/wp-json\/wp\/v2\/posts\/7938\/revisions"}],"predecessor-version":[{"id":7939,"href":"https:\/\/blogs.correiobraziliense.com.br\/servidor\/wp-json\/wp\/v2\/posts\/7938\/revisions\/7939"}],"wp:attachment":[{"href":"https:\/\/blogs.correiobraziliense.com.br\/servidor\/wp-json\/wp\/v2\/media?parent=7938"}],"wp:term":[{"taxonomy":"category","embeddable":true,"href":"https:\/\/blogs.correiobraziliense.com.br\/servidor\/wp-json\/wp\/v2\/categories?post=7938"},{"taxonomy":"post_tag","embeddable":true,"href":"https:\/\/blogs.correiobraziliense.com.br\/servidor\/wp-json\/wp\/v2\/tags?post=7938"}],"curies":[{"name":"wp","href":"https:\/\/api.w.org\/{rel}","templated":true}]}}