{"id":7932,"date":"2018-01-16T18:34:40","date_gmt":"2018-01-16T20:34:40","guid":{"rendered":"https:\/\/blogs.correiobraziliense.com.br\/servidor\/?p=7932"},"modified":"2018-01-16T18:34:40","modified_gmt":"2018-01-16T20:34:40","slug":"secretaria-de-assuntos-economicos-e-extinta-por-decreto-governo-cria-duas-novas-secretarias","status":"publish","type":"post","link":"https:\/\/blogs.correiobraziliense.com.br\/servidor\/secretaria-de-assuntos-economicos-e-extinta-por-decreto-governo-cria-duas-novas-secretarias\/","title":{"rendered":"Secretaria de Assuntos Econ\u00f4micos \u00e9 extinta por decreto. Governo cria duas novas secretarias"},"content":{"rendered":"<p><em>Minist\u00e9rio da Fazenda informa que cargos ser\u00e3o remanejados sem aumento de custos. N\u00e3o haver\u00e1, de acordo com o \u00f3rg\u00e3o, qualquer impacto no quantitativo de cargos e fun\u00e7\u00f5es comissionadas ou aumento de despesas com pessoal com o surgimento das\u00a0Secretarias de Promo\u00e7\u00e3o da Produtividade e Advocacia da Concorr\u00eancia e de Acompanhamento Fiscal, Energia e Loterias<\/em><\/p>\n<p>O Minist\u00e9rio da Fazenda divulgou que o Di\u00e1rio Oficial da Uni\u00e3o (DOU) publicou nesta ter\u00e7a-feira (16\/01) o Decreto n\u00ba 9.266, que altera a estrutura regimental do \u00f3rg\u00e3o. A Secretaria de Assuntos Econ\u00f4micos (Seae) foi extinta e duas novas secretarias foram criadas a partir do remanejamento de compet\u00eancias e cargos: a Secretaria de Promo\u00e7\u00e3o da Produtividade e Advocacia da Concorr\u00eancia; e a Secretaria de Acompanhamento Fiscal, Energia e Loterias.<\/p>\n<p>O titular da Secretaria de Promo\u00e7\u00e3o da Produtividade e Advocacia da Concorr\u00eancia ser\u00e1 o atual Assessor Especial de Reformas Microecon\u00f4micas, Jo\u00e3o Manoel Pinho de Mello. O atual Secret\u00e1rio de Acompanhamento Econ\u00f4mico, Mansueto de Almeida, assumir\u00e1 a Secretaria de Acompanhamento Fiscal, Energia e Loterias.<\/p>\n<p>&#8220;A altera\u00e7\u00e3o na estrutura regimental do Minist\u00e9rio da Fazenda foi feita com o remanejamento e transforma\u00e7\u00e3o de cargos j\u00e1 existentes, n\u00e3o gerando qualquer impacto no quantitativo de cargos e fun\u00e7\u00f5es comissionadas do Minist\u00e9rio da Fazenda ou aumentando as despesas com pessoal&#8221;, destaca a nota da Fazenda.<\/p>\n<p>O decreto traz ainda a extin\u00e7\u00e3o 55 cargos em comiss\u00e3o do Grupo-Dire\u00e7\u00e3o e Assessoramento Superior (DAS), que ser\u00e3o substitu\u00eddos por igual n\u00famero de Fun\u00e7\u00f5es Comissionadas do Poder Executivo (FCPE).<\/p>\n<p>Al\u00e9m disso, o decreto modifica a estrutura organiza\u00e7\u00e3o do Conselho Administrativo de Recursos Fiscais (Carf), considerando a implanta\u00e7\u00e3o do Sistema de Gest\u00e3o da Qualidade, constitu\u00edda com a utiliza\u00e7\u00e3o do conjunto de cargos em comiss\u00e3o e fun\u00e7\u00f5es gratificadas j\u00e1 existentes na estrutura atual.<\/p>\n<p>Os \u00f3rg\u00e3os do Minist\u00e9rio afetados pelas mudan\u00e7as ter\u00e3o at\u00e9 o dia 30 de janeiro para publicar os remanejamentos dos cargos.<\/p>\n<p>&nbsp;<\/p>\n","protected":false},"excerpt":{"rendered":"<p>Minist\u00e9rio da Fazenda informa que cargos ser\u00e3o remanejados sem aumento de custos. N\u00e3o haver\u00e1, de acordo com o \u00f3rg\u00e3o, qualquer impacto no quantitativo de cargos e fun\u00e7\u00f5es comissionadas ou aumento de despesas com pessoal com o surgimento das\u00a0Secretarias de Promo\u00e7\u00e3o da Produtividade e Advocacia da Concorr\u00eancia e de Acompanhamento Fiscal, Energia e Loterias O Minist\u00e9rio da Fazenda divulgou que o [&hellip;]<\/p>\n","protected":false},"author":27,"featured_media":0,"comment_status":"open","ping_status":"closed","sticky":false,"template":"","format":"standard","meta":{"footnotes":""},"categories":[2719],"tags":[75,791,2938,1172,235,1769,10663,4659,10666,1065,10667,833,10664,10665,1153,9926,3212,4773,10662,10660,10661],"class_list":["post-7932","post","type-post","status-publish","format-standard","hentry","category-servidor","tag-aumento","tag-cargos","tag-comissionadas","tag-decreto","tag-despesas","tag-dou","tag-energia-e-loteria","tag-extinta","tag-fcpe","tag-funcoes","tag-gratificadas","tag-impacto","tag-joao-manoel-pinho-de-mello","tag-mansueto-de-almeida","tag-pessoal","tag-quantitativo","tag-remanejamento","tag-seae","tag-secretaria-de-acompanhamento-fiscal","tag-secretaria-de-assuntos-economicos","tag-secretaria-promocao-da-produtividade-e-advocacia-da-concorrencia"],"_links":{"self":[{"href":"https:\/\/blogs.correiobraziliense.com.br\/servidor\/wp-json\/wp\/v2\/posts\/7932","targetHints":{"allow":["GET"]}}],"collection":[{"href":"https:\/\/blogs.correiobraziliense.com.br\/servidor\/wp-json\/wp\/v2\/posts"}],"about":[{"href":"https:\/\/blogs.correiobraziliense.com.br\/servidor\/wp-json\/wp\/v2\/types\/post"}],"author":[{"embeddable":true,"href":"https:\/\/blogs.correiobraziliense.com.br\/servidor\/wp-json\/wp\/v2\/users\/27"}],"replies":[{"embeddable":true,"href":"https:\/\/blogs.correiobraziliense.com.br\/servidor\/wp-json\/wp\/v2\/comments?post=7932"}],"version-history":[{"count":1,"href":"https:\/\/blogs.correiobraziliense.com.br\/servidor\/wp-json\/wp\/v2\/posts\/7932\/revisions"}],"predecessor-version":[{"id":7933,"href":"https:\/\/blogs.correiobraziliense.com.br\/servidor\/wp-json\/wp\/v2\/posts\/7932\/revisions\/7933"}],"wp:attachment":[{"href":"https:\/\/blogs.correiobraziliense.com.br\/servidor\/wp-json\/wp\/v2\/media?parent=7932"}],"wp:term":[{"taxonomy":"category","embeddable":true,"href":"https:\/\/blogs.correiobraziliense.com.br\/servidor\/wp-json\/wp\/v2\/categories?post=7932"},{"taxonomy":"post_tag","embeddable":true,"href":"https:\/\/blogs.correiobraziliense.com.br\/servidor\/wp-json\/wp\/v2\/tags?post=7932"}],"curies":[{"name":"wp","href":"https:\/\/api.w.org\/{rel}","templated":true}]}}