{"id":7930,"date":"2018-01-16T15:45:33","date_gmt":"2018-01-16T17:45:33","guid":{"rendered":"https:\/\/blogs.correiobraziliense.com.br\/servidor\/?p=7930"},"modified":"2018-01-16T15:45:33","modified_gmt":"2018-01-16T17:45:33","slug":"planejamento-taxigov-sera-estendido-autarquias-e-fundacoes-publicas-em-2018","status":"publish","type":"post","link":"https:\/\/blogs.correiobraziliense.com.br\/servidor\/planejamento-taxigov-sera-estendido-autarquias-e-fundacoes-publicas-em-2018\/","title":{"rendered":"Planejamento &#8211; T\u00e1xiGov ser\u00e1 estendido a autarquias e funda\u00e7\u00f5es p\u00fablicas em 2018"},"content":{"rendered":"<p><em>O servi\u00e7o de transporte de servidores resultou em economia de 60% &#8211; R$ 2,9 milh\u00f5es &#8211; em rela\u00e7\u00e3o aos modelos anteriores.\u00a0O tempo m\u00e9dio de atendimento das solicita\u00e7\u00f5es \u00e9 de\u00a0oito minutos. Ao todo, cerca de 75 mil viagens foram solicitadas desde fevereiro de 2017.<\/em><\/p>\n<p>O Minist\u00e9rio do Planejamento, Desenvolvimento e Gest\u00e3o publicou hoje (16) a\u00a0<a href=\"http:\/\/pesquisa.in.gov.br\/imprensa\/jsp\/visualiza\/index.jsp?data=16\/01\/2018&amp;jornal=515&amp;pagina=61&amp;totalArquivos=80\" target=\"_blank\"><strong>Portaria n\u00b0 6\/2018<\/strong><\/a><strong>,<\/strong>\u00a0no Di\u00e1rio Oficial da Uni\u00e3o (DOU), que define que autarquias e funda\u00e7\u00f5es passar\u00e3o a usar o sistema, em vigor desde 2017. Atualmente, 22 unidades, entre minist\u00e9rios\u00a0e \u00f3rg\u00e3os p\u00fablicos, \u00a0adotaram o modelo de transporte de servidores e colaboradores do Executivo Federal. A migra\u00e7\u00e3o total das institui\u00e7\u00f5es da administra\u00e7\u00e3o direta federal ocorrer\u00e1 ainda no primeiro semestre de 2018. A economia com o servi\u00e7o at\u00e9 o momento \u00e9 de 60% comparada aos modelos anteriores, informa o Planejamento.<\/p>\n<p>Algumas entidades\u00a0(Enap, ICMBio, Susep, Ibram)\u00a0j\u00e1 aderiram ao T\u00e1xiGov em 2017, firmando seus pr\u00f3prios contratos. A partir de agora, o Planejamento far\u00e1 licita\u00e7\u00e3o tamb\u00e9m\u00a0para suprir a demanda da administra\u00e7\u00e3o Indireta, &#8220;potencializando o uso do poder de compra do Estado, mas a gest\u00e3o operacional e formal dos contratos continuar\u00e1 a cargo de cada uma das unidades contratantes&#8221;, ressalta o minist\u00e9rio.<\/p>\n<p>&#8220;Os \u00f3rg\u00e3os e entidades dever\u00e3o providenciar a transi\u00e7\u00e3o dos contratos vigentes para os novos procedimentos adotados pelo MP, vedada a celebra\u00e7\u00e3o de novos contratos ou a prorroga\u00e7\u00e3o dos existentes, bem como promover a\u00e7\u00f5es para reduzir a frota de ve\u00edculos, conforme estipulado na Portaria&#8221;, alerta o Planejamento.<\/p>\n<p>A medida, de acordo com a nota, \u00e9 para \u00a0fortalecer o uso do transporte de servidores, empregados e colaboradores federais no DF e entorno. O objetivo \u00e9 a gest\u00e3o da frota de forma eficiente e redu\u00e7\u00e3o do n\u00famero de licita\u00e7\u00f5es, anteriormente realizadas individualmente\u00a0pelos \u00f3rg\u00e3os.<\/p>\n<p>O Minist\u00e9rio do Planejamento expedir\u00e1 em breve orienta\u00e7\u00f5es aos \u00f3rg\u00e3os e entidades sobre a forma de participa\u00e7\u00e3o do novo modelo de contrata\u00e7\u00e3o.<\/p>\n<p><strong>Centraliza\u00e7\u00e3o de contrata\u00e7\u00f5es<\/strong><\/p>\n<p>A Portaria tamb\u00e9m atribui exclusividade ao MP dos procedimentos para contrata\u00e7\u00e3o de sistema de transporte de servidores, empregados e colaboradores a servi\u00e7o dos \u00f3rg\u00e3os da dministra\u00e7\u00e3o p\u00fablica federal direta no Distrito Federal (DF) e entorno.<\/p>\n<p>&#8220;Sa\u00edmos de uma realidade em que o Estado arcava com o custo de posse de bens e contrata\u00e7\u00e3o de servi\u00e7os para uma perspectiva de solu\u00e7\u00e3o de mobilidade. Quase um ano desde a implanta\u00e7\u00e3o do T\u00e1xiGov, estamos certos da qualidade e ganhos financeiros do modelo. Nada mais l\u00f3gico, ent\u00e3o, que expandi-lo para as entidades federais&#8221;, explica o secret\u00e1rio de Gest\u00e3o, Gleisson Rubin.<\/p>\n<p><strong>T\u00e1xiGov<\/strong><\/p>\n<p>O modelo atende servidores e colaboradores do Executivo Federal, em exerc\u00edcio no Distrito Federal, que necessitam se deslocar em fun\u00e7\u00e3o de atividades administrativas.<\/p>\n<p>Segundo o secret\u00e1rio, desde sua implanta\u00e7\u00e3o, em fevereiro de 2017, o T\u00e1xiGov vem se mostrando como uma estrat\u00e9gia de solu\u00e7\u00e3o de mobilidade que permite a moderniza\u00e7\u00e3o da gest\u00e3o p\u00fablica com uso de recursos tecnol\u00f3gicos de ponta, com significativa redu\u00e7\u00e3o dos gastos e maior racionalidade e padroniza\u00e7\u00e3o do servi\u00e7o.<\/p>\n<p>Em menos de\u00a0um ano, mais de 24 mil servidores e colaboradores foram cadastrados no sistema.\u00a0O uso do T\u00e1xiGov gerou uma economia de R$ 2,9 milh\u00f5es, valor que representa 60,5% de economia em rela\u00e7\u00e3o aos modelos utilizados anteriormente. O tempo m\u00e9dio de atendimento das solicita\u00e7\u00f5es \u00e9 de\u00a0oito minutos. Ao todo, cerca de 75 mil viagens foram solicitadas desde fevereiro de 2017.<\/p>\n<p>Confira o cronograma de implanta\u00e7\u00e3o dos \u00f3rg\u00e3os ao T\u00e1xiGov\u00a0<a href=\"http:\/\/www.planejamento.gov.br\/taxigov\/imgs\/Cronograma3.jpg\/view\" target=\"_blank\">aqui<\/a>.<\/p>\n","protected":false},"excerpt":{"rendered":"<p>O servi\u00e7o de transporte de servidores resultou em economia de 60% &#8211; R$ 2,9 milh\u00f5es &#8211; em rela\u00e7\u00e3o aos modelos anteriores.\u00a0O tempo m\u00e9dio de atendimento das solicita\u00e7\u00f5es \u00e9 de\u00a0oito minutos. Ao todo, cerca de 75 mil viagens foram solicitadas desde fevereiro de 2017. O Minist\u00e9rio do Planejamento, Desenvolvimento e Gest\u00e3o publicou hoje (16) a\u00a0Portaria n\u00b0 6\/2018,\u00a0no Di\u00e1rio Oficial da Uni\u00e3o [&hellip;]<\/p>\n","protected":false},"author":27,"featured_media":0,"comment_status":"open","ping_status":"closed","sticky":false,"template":"","format":"standard","meta":{"footnotes":""},"categories":[2719],"tags":[1191,551,4334,10659,250,68,9767,1769,88,8562,56,10657,9,4335,315,3004,1416,137,1780,141,7946,853,2421,818,212,58,9409,7821,10658,2226,3714,2822],"class_list":["post-7930","post","type-post","status-publish","format-standard","hentry","category-servidor","tag-administracao","tag-atendimento","tag-autarquias","tag-compa","tag-contratos","tag-df","tag-direta","tag-dou","tag-economia","tag-entorno","tag-estado","tag-estendido","tag-executivo","tag-fundacoes","tag-gestao","tag-indireta","tag-instituicoes","tag-licitacoes","tag-migracao","tag-ministerio-do-planejamento","tag-modelos","tag-mp","tag-mpog","tag-prorrogacao","tag-servico","tag-servidores","tag-solicitacoes","tag-taxigov","tag-tepo","tag-transicao","tag-transporte","tag-viagens"],"_links":{"self":[{"href":"https:\/\/blogs.correiobraziliense.com.br\/servidor\/wp-json\/wp\/v2\/posts\/7930","targetHints":{"allow":["GET"]}}],"collection":[{"href":"https:\/\/blogs.correiobraziliense.com.br\/servidor\/wp-json\/wp\/v2\/posts"}],"about":[{"href":"https:\/\/blogs.correiobraziliense.com.br\/servidor\/wp-json\/wp\/v2\/types\/post"}],"author":[{"embeddable":true,"href":"https:\/\/blogs.correiobraziliense.com.br\/servidor\/wp-json\/wp\/v2\/users\/27"}],"replies":[{"embeddable":true,"href":"https:\/\/blogs.correiobraziliense.com.br\/servidor\/wp-json\/wp\/v2\/comments?post=7930"}],"version-history":[{"count":1,"href":"https:\/\/blogs.correiobraziliense.com.br\/servidor\/wp-json\/wp\/v2\/posts\/7930\/revisions"}],"predecessor-version":[{"id":7931,"href":"https:\/\/blogs.correiobraziliense.com.br\/servidor\/wp-json\/wp\/v2\/posts\/7930\/revisions\/7931"}],"wp:attachment":[{"href":"https:\/\/blogs.correiobraziliense.com.br\/servidor\/wp-json\/wp\/v2\/media?parent=7930"}],"wp:term":[{"taxonomy":"category","embeddable":true,"href":"https:\/\/blogs.correiobraziliense.com.br\/servidor\/wp-json\/wp\/v2\/categories?post=7930"},{"taxonomy":"post_tag","embeddable":true,"href":"https:\/\/blogs.correiobraziliense.com.br\/servidor\/wp-json\/wp\/v2\/tags?post=7930"}],"curies":[{"name":"wp","href":"https:\/\/api.w.org\/{rel}","templated":true}]}}