{"id":7926,"date":"2018-01-16T15:21:09","date_gmt":"2018-01-16T17:21:09","guid":{"rendered":"https:\/\/blogs.correiobraziliense.com.br\/servidor\/?p=7926"},"modified":"2018-01-16T15:21:09","modified_gmt":"2018-01-16T17:21:09","slug":"campanha-todos-contra-o-nivel-superior-na-marra","status":"publish","type":"post","link":"https:\/\/blogs.correiobraziliense.com.br\/servidor\/campanha-todos-contra-o-nivel-superior-na-marra\/","title":{"rendered":"Campanha &#8220;Todos contra o N\u00edvel Superior na marra&#8221;"},"content":{"rendered":"<p><em>A Associa\u00e7\u00e3o Nacional dos Analistas do Poder Judici\u00e1rio e do Minist\u00e9rio P\u00fabico da Uni\u00e3o (Anajus) come\u00e7a a divulgar, a partir de hoje, uma campanha contra o Projeto NS (n\u00edvel superior). \u00c9 uma rea\u00e7\u00e3o \u00e0 tentativa de se elevar &#8220;na marra&#8221; a escolaridade de 85 mil t\u00e9cnicos judici\u00e1rios de n\u00edvel m\u00e9dio, sem o devido concurso p\u00fablico<\/em><strong><br \/>\n<\/strong><\/p>\n<p>De acordo com a Anajus, trata-se de resposta da entidade em defesa dos 45 mil analistas aprovados para ocupar cargos de n\u00edvel superior contra o \u2018trem-bala da alegria\u2019 e com o objetivo de colocar nos trilhos do Judici\u00e1rio e do Minist\u00e9rio P\u00fablico da Uni\u00e3o.<\/p>\n<p>Banners contra esse absurdo ser\u00e3o divulgados no site da institui\u00e7\u00e3o (<a href=\"http:\/\/anajus.org.br\/\" target=\"_blank\">http:\/\/anajus.org.br\/<\/a>). E-mails devem ser enviados pelos analistas aos 11 ministros do Supremo Tribunal Federal (STF), onde a proposta foi apresentada no dia 19 de dezembro de 2017.<\/p>\n<p>&nbsp;<\/p>\n<p><b>Desligamento<\/b><\/p>\n<p>A Anajus destaca que tem o dever de incentivar os analistas ao desligamento de entidades que prop\u00f5em o chamado &#8220;trem-bala da alegria&#8221;, porque elas recolhem contribui\u00e7\u00f5es da categoria para atingir os que, com muito custo e dedica\u00e7\u00e3o, foram aprovados em exames p\u00fablicos para cargos de n\u00edvel superior.<\/p>\n<p>&#8220;Afinal, eliminar os analistas \u00e9 o verdadeiro objetivo da Fenajufe e dos sindicatos dos servidores do Judici\u00e1rio da Uni\u00e3o que se reuniram com a presidente do STF, ministra C\u00e1rmen L\u00facia, para discutir a proposta durante o recesso da Corte&#8221;, destaca a Anajus.<\/p>\n<p>&#8220;Tais objetivos esp\u00farios foram escancarados por um dos coordenadores-gerais da pr\u00f3pria Fenajufe, entidade contradit\u00f3ria que diz representar todos os servidores do setor e tenta destruir os analistas&#8221;. De acordo com a Anajus, \u00e9\u00a0que defende o t\u00e9cnico judici\u00e1rio J\u00falio Brito, da coordena\u00e7\u00e3o geral da Fenajufe, no artigo \u00a0<a href=\"http:\/\/www.fenajufe.org.br\/index.php\/imprensa\/artigos\/4961-uma-solucao-para-o-poder-judiciario-da-uniao\" target=\"_blank\">\u201cUma solu\u00e7\u00e3o para o Poder Judici\u00e1rio da Uni\u00e3o\u201d<\/a>. publicado no site da institui\u00e7\u00e3o:<\/p>\n<p>\u201cConfiguraria atitude il\u00f3gica dos gestores do PJU [Poder Judici\u00e1rio da Uni\u00e3o] n\u00e3o valorizar os t\u00e9cnicos e desprezar m\u00e3o de obra extremamente qualificada, j\u00e1 treinada para o exerc\u00edcio das atribui\u00e7\u00f5es e mais barata para os cofres p\u00fablicos\u201d, afirma.<\/p>\n<p>&nbsp;<\/p>\n","protected":false},"excerpt":{"rendered":"<p>A Associa\u00e7\u00e3o Nacional dos Analistas do Poder Judici\u00e1rio e do Minist\u00e9rio P\u00fabico da Uni\u00e3o (Anajus) come\u00e7a a divulgar, a partir de hoje, uma campanha contra o Projeto NS (n\u00edvel superior). \u00c9 uma rea\u00e7\u00e3o \u00e0 tentativa de se elevar &#8220;na marra&#8221; a escolaridade de 85 mil t\u00e9cnicos judici\u00e1rios de n\u00edvel m\u00e9dio, sem o devido concurso p\u00fablico De acordo com a Anajus, [&hellip;]<\/p>\n","protected":false},"author":27,"featured_media":0,"comment_status":"open","ping_status":"closed","sticky":false,"template":"","format":"standard","meta":{"footnotes":""},"categories":[2719],"tags":[1740,305,379,1851,2488,1598,1211,3380,5373,10651,33,7907,309,1137,10652,2662,34,2781],"class_list":["post-7926","post","type-post","status-publish","format-standard","hentry","category-servidor","tag-anajus","tag-campanha","tag-categoria","tag-concurso-publico","tag-contribuicoes","tag-desligamento","tag-elevar","tag-escolaridade","tag-fenajufe","tag-ministerio-publico-da-uniao","tag-ministros","tag-nivel-medio","tag-nivel-superior","tag-poder-judiciario","tag-projeto-ns","tag-reacao","tag-stf","tag-tecnicos"],"_links":{"self":[{"href":"https:\/\/blogs.correiobraziliense.com.br\/servidor\/wp-json\/wp\/v2\/posts\/7926","targetHints":{"allow":["GET"]}}],"collection":[{"href":"https:\/\/blogs.correiobraziliense.com.br\/servidor\/wp-json\/wp\/v2\/posts"}],"about":[{"href":"https:\/\/blogs.correiobraziliense.com.br\/servidor\/wp-json\/wp\/v2\/types\/post"}],"author":[{"embeddable":true,"href":"https:\/\/blogs.correiobraziliense.com.br\/servidor\/wp-json\/wp\/v2\/users\/27"}],"replies":[{"embeddable":true,"href":"https:\/\/blogs.correiobraziliense.com.br\/servidor\/wp-json\/wp\/v2\/comments?post=7926"}],"version-history":[{"count":1,"href":"https:\/\/blogs.correiobraziliense.com.br\/servidor\/wp-json\/wp\/v2\/posts\/7926\/revisions"}],"predecessor-version":[{"id":7927,"href":"https:\/\/blogs.correiobraziliense.com.br\/servidor\/wp-json\/wp\/v2\/posts\/7926\/revisions\/7927"}],"wp:attachment":[{"href":"https:\/\/blogs.correiobraziliense.com.br\/servidor\/wp-json\/wp\/v2\/media?parent=7926"}],"wp:term":[{"taxonomy":"category","embeddable":true,"href":"https:\/\/blogs.correiobraziliense.com.br\/servidor\/wp-json\/wp\/v2\/categories?post=7926"},{"taxonomy":"post_tag","embeddable":true,"href":"https:\/\/blogs.correiobraziliense.com.br\/servidor\/wp-json\/wp\/v2\/tags?post=7926"}],"curies":[{"name":"wp","href":"https:\/\/api.w.org\/{rel}","templated":true}]}}