{"id":7924,"date":"2018-01-16T15:11:02","date_gmt":"2018-01-16T17:11:02","guid":{"rendered":"https:\/\/blogs.correiobraziliense.com.br\/servidor\/?p=7924"},"modified":"2018-01-16T15:11:02","modified_gmt":"2018-01-16T17:11:02","slug":"anape-vitoria-no-stf-contra-emenda-estadual-que-criava-carreira-de-procuradores-autarquicos","status":"publish","type":"post","link":"https:\/\/blogs.correiobraziliense.com.br\/servidor\/anape-vitoria-no-stf-contra-emenda-estadual-que-criava-carreira-de-procuradores-autarquicos\/","title":{"rendered":"Anape &#8211; vit\u00f3ria no STF contra emenda estadual que criava a carreira de procuradores aut\u00e1rquicos"},"content":{"rendered":"<p><em>O ministro Lu\u00eds Roberto Barroso, do Supremo Tribunal Federal (STF), concedeu liminar na A\u00e7\u00e3o Direta de Inconstitucionalidade \u2013 ADI n\u00ba 5215\/GO \u2013 em favor da Associa\u00e7\u00e3o Nacional dos Procuradores dos Estados e do Distrito Federal (Anape). A a\u00e7\u00e3o pedia a suspens\u00e3o dos artigos 1\u00ba e 3\u00ba da Emenda Constitucional Estadual n\u00ba 50, de 11 de dezembro de 2014, que acresceu o artigo 92-A na Constitui\u00e7\u00e3o do Estado de Goi\u00e1s, criando a carreira paralela de procurador aut\u00e1rquico<\/em><\/p>\n<p>Segundo a advogada Yasmim Yogo, que integra a equipe que representa a Anape pelo escrit\u00f3rio Cezar Britto &amp; Advogados Associados, \u201co acr\u00e9scimo promovido, por meio de emenda parlamentar n\u00e3o possui qualquer pertin\u00eancia tem\u00e1tica e, ainda, altera de maneira substancial a proposi\u00e7\u00e3o inicial ao regulamentar a carreira de procurador aut\u00e1rquico. O tema jamais poderia ser objeto de emenda \u00e0 Constitui\u00e7\u00e3o Estadual, pois afeta \u00e0 lei ordin\u00e1ria de compet\u00eancia privativa do Chefe do Executivo\u201d.<\/p>\n<p>Para Yasmim, o acr\u00e9scimo do artigo 92-A na Constitui\u00e7\u00e3o do Estado de Goi\u00e1s, inclu\u00eddo por meio de Emenda Constitucional, \u201ctraz flagrante viola\u00e7\u00e3o ao artigo 132 da CF\/88 e ao artigo 69 do Ato das Disposi\u00e7\u00f5es Constitucionais Transit\u00f3rias (ACDT), pois al\u00e9m de criar a carreira de procuradores aut\u00e1rquicos, determina que suas atribui\u00e7\u00f5es devam ser de representa\u00e7\u00e3o judicial, consultoria e assessoramento jur\u00eddico das autarquias e funda\u00e7\u00f5es estaduais, usurpando compet\u00eancias atribu\u00eddas constitucionalmente aos Procuradores do Estado de Goi\u00e1s\u201d.<\/p>\n<p>Pela Constitui\u00e7\u00e3o Federal, os Procuradores do Estado det\u00e9m a exclusividade de representa\u00e7\u00e3o judicial e consultiva da administra\u00e7\u00e3o direta e indireta das respectivas unidades federadas.<\/p>\n<p>Na decis\u00e3o, o ministro Barroso, destacou que, \u201cdiante do exposto, determino, ad referendum do plen\u00e1rio, a suspens\u00e3o da efic\u00e1cia dos artigos 1\u00ba e 3\u00ba da Emenda Constitucional n\u00ba 50\/2014 \u00e0 Constitui\u00e7\u00e3o do Estado de Goi\u00e1s, bem como da tramita\u00e7\u00e3o de todo e qualquer projeto de lei que vise a dar cumprimento ao artigo 94-A da Constitui\u00e7\u00e3o do Estado de Goi\u00e1s, acrescido pela mesma emenda\u201d.<\/p>\n","protected":false},"excerpt":{"rendered":"<p>O ministro Lu\u00eds Roberto Barroso, do Supremo Tribunal Federal (STF), concedeu liminar na A\u00e7\u00e3o Direta de Inconstitucionalidade \u2013 ADI n\u00ba 5215\/GO \u2013 em favor da Associa\u00e7\u00e3o Nacional dos Procuradores dos Estados e do Distrito Federal (Anape). A a\u00e7\u00e3o pedia a suspens\u00e3o dos artigos 1\u00ba e 3\u00ba da Emenda Constitucional Estadual n\u00ba 50, de 11 de dezembro de 2014, que acresceu [&hellip;]<\/p>\n","protected":false},"author":27,"featured_media":0,"comment_status":"open","ping_status":"closed","sticky":false,"template":"","format":"standard","meta":{"footnotes":""},"categories":[2719],"tags":[10649,10646,10645,5314,1315,4334,188,2852,2584,1841,2450,3305,9,4335,7160,10648,10647,10650,34,7385],"class_list":["post-7924","post","type-post","status-publish","format-standard","hentry","category-servidor","tag-acdt","tag-adi-5215go","tag-anape","tag-assessoramento","tag-atribuicoes","tag-autarquias","tag-carreira","tag-competencia","tag-constituicao","tag-consultoria","tag-emenda","tag-estadual","tag-executivo","tag-fundacoes","tag-lei-ordinaria","tag-privativa","tag-procuradores-autarquicos","tag-representacao-judicial","tag-stf","tag-violacao"],"_links":{"self":[{"href":"https:\/\/blogs.correiobraziliense.com.br\/servidor\/wp-json\/wp\/v2\/posts\/7924","targetHints":{"allow":["GET"]}}],"collection":[{"href":"https:\/\/blogs.correiobraziliense.com.br\/servidor\/wp-json\/wp\/v2\/posts"}],"about":[{"href":"https:\/\/blogs.correiobraziliense.com.br\/servidor\/wp-json\/wp\/v2\/types\/post"}],"author":[{"embeddable":true,"href":"https:\/\/blogs.correiobraziliense.com.br\/servidor\/wp-json\/wp\/v2\/users\/27"}],"replies":[{"embeddable":true,"href":"https:\/\/blogs.correiobraziliense.com.br\/servidor\/wp-json\/wp\/v2\/comments?post=7924"}],"version-history":[{"count":1,"href":"https:\/\/blogs.correiobraziliense.com.br\/servidor\/wp-json\/wp\/v2\/posts\/7924\/revisions"}],"predecessor-version":[{"id":7925,"href":"https:\/\/blogs.correiobraziliense.com.br\/servidor\/wp-json\/wp\/v2\/posts\/7924\/revisions\/7925"}],"wp:attachment":[{"href":"https:\/\/blogs.correiobraziliense.com.br\/servidor\/wp-json\/wp\/v2\/media?parent=7924"}],"wp:term":[{"taxonomy":"category","embeddable":true,"href":"https:\/\/blogs.correiobraziliense.com.br\/servidor\/wp-json\/wp\/v2\/categories?post=7924"},{"taxonomy":"post_tag","embeddable":true,"href":"https:\/\/blogs.correiobraziliense.com.br\/servidor\/wp-json\/wp\/v2\/tags?post=7924"}],"curies":[{"name":"wp","href":"https:\/\/api.w.org\/{rel}","templated":true}]}}