{"id":792,"date":"2016-01-19T15:49:35","date_gmt":"2016-01-19T17:49:35","guid":{"rendered":"https:\/\/blogs.correiobraziliense.com.br\/servidor\/?p=792"},"modified":"2016-01-19T15:49:35","modified_gmt":"2016-01-19T17:49:35","slug":"onibus-com-motor-traseiro-agora-e-lei-no-distrito-federal","status":"publish","type":"post","link":"https:\/\/blogs.correiobraziliense.com.br\/servidor\/onibus-com-motor-traseiro-agora-e-lei-no-distrito-federal\/","title":{"rendered":"\u00d4NIBUS COM MOTOR TRASEIRO AGORA \u00c9 LEI NO DISTRITO FEDERAL"},"content":{"rendered":"<p><span style=\"font-family: 'Arial',sans-serif\"><strong>Atua\u00e7\u00e3o do Minist\u00e9rio P\u00fablico do Trabalho \u00e9 decisiva para aprova\u00e7\u00e3o da Lei<\/strong><u><\/u><u><\/u><\/span><\/p>\n<p><span style=\"font-family: 'Arial',sans-serif\">Pioneiro na investiga\u00e7\u00e3o dos malef\u00edcios do motor dianteiro para os rodovi\u00e1rios do Sistema de Transporte P\u00fablico Coletivo, o procurador-chefe do Minist\u00e9rio P\u00fablico do Trabalho no Distrito Federal e Tocantins (MPT-DF\/TO), <i>Alessandro Santos de Miranda,<\/i> h\u00e1 mais de quatro anos, luta pela proibi\u00e7\u00e3o da utiliza\u00e7\u00e3o do motor dianteiro nos \u00f4nibus.<u><\/u><u><\/u><\/span><\/p>\n<p><span style=\"font-family: 'Arial',sans-serif\">Os resultados das suas investiga\u00e7\u00f5es \u2013 que resultaram no ajuizamento a\u00e7\u00f5es civis p\u00fablicas (ACP) contra empresas de transporte p\u00fablico urbano \u2013 foram determinantes para san\u00e7\u00e3o de norma distrital pelo governador do Distrito Federal, Rodrigo Rollemberg.<u><\/u><u><\/u><\/span><\/p>\n<p><span style=\"font-family: 'Arial',sans-serif\">A Lei n\u00ba 5.590\/2015, de autoria do deputado Rafael Prudente (PMDB-DF), pro\u00edbe \u00f4nibus com motor dianteiro no sistema de transporte coletivo do DF. A norma determina a substitui\u00e7\u00e3o gradativa dos ve\u00edculos com motor dianteiro por outros com motor traseiro ou central, observando o limite de idade m\u00e9dia da frota para opera\u00e7\u00e3o.<u><\/u><u><\/u><\/span><\/p>\n<p><span style=\"font-family: 'Arial',sans-serif\">SAIBA MAIS: <a href=\"http:\/\/www.prt10.mpt.gov.br\/informe-se\/noticias-do-mpt-df-to\/601-onibus-com-motor-traseiro-agora-e-lei-no-distrito-federal\" target=\"_blank\"><span style=\"color: #1155cc\"> http:\/\/www.prt10.mpt.gov.br\/<\/span>informe-se\/noticias-do-mpt-df-to\/601-onibus-com-motor-traseiro-agora-e-lei-no-distrito-federal<\/a><span style=\"color: #222222\">.<\/span><u><\/u><u><\/u><\/span><\/p>\n<p>&nbsp;<\/p>\n","protected":false},"excerpt":{"rendered":"<p>Atua\u00e7\u00e3o do Minist\u00e9rio P\u00fablico do Trabalho \u00e9 decisiva para aprova\u00e7\u00e3o da Lei Pioneiro na investiga\u00e7\u00e3o dos malef\u00edcios do motor dianteiro para os rodovi\u00e1rios do Sistema de Transporte P\u00fablico Coletivo, o procurador-chefe do Minist\u00e9rio P\u00fablico do Trabalho no Distrito Federal e Tocantins (MPT-DF\/TO), Alessandro Santos de Miranda, h\u00e1 mais de quatro anos, luta pela proibi\u00e7\u00e3o da utiliza\u00e7\u00e3o do motor dianteiro nos [&hellip;]<\/p>\n","protected":false},"author":27,"featured_media":0,"comment_status":"open","ping_status":"closed","sticky":false,"template":"","format":"standard","meta":{"footnotes":""},"categories":[1],"tags":[433,102,431,434,430,432],"class_list":["post-792","post","type-post","status-publish","format-standard","hentry","category-sem-categoria","tag-distrito-federal","tag-lei","tag-motor","tag-mptdf-to","tag-onibus","tag-traseiro"],"_links":{"self":[{"href":"https:\/\/blogs.correiobraziliense.com.br\/servidor\/wp-json\/wp\/v2\/posts\/792","targetHints":{"allow":["GET"]}}],"collection":[{"href":"https:\/\/blogs.correiobraziliense.com.br\/servidor\/wp-json\/wp\/v2\/posts"}],"about":[{"href":"https:\/\/blogs.correiobraziliense.com.br\/servidor\/wp-json\/wp\/v2\/types\/post"}],"author":[{"embeddable":true,"href":"https:\/\/blogs.correiobraziliense.com.br\/servidor\/wp-json\/wp\/v2\/users\/27"}],"replies":[{"embeddable":true,"href":"https:\/\/blogs.correiobraziliense.com.br\/servidor\/wp-json\/wp\/v2\/comments?post=792"}],"version-history":[{"count":1,"href":"https:\/\/blogs.correiobraziliense.com.br\/servidor\/wp-json\/wp\/v2\/posts\/792\/revisions"}],"predecessor-version":[{"id":793,"href":"https:\/\/blogs.correiobraziliense.com.br\/servidor\/wp-json\/wp\/v2\/posts\/792\/revisions\/793"}],"wp:attachment":[{"href":"https:\/\/blogs.correiobraziliense.com.br\/servidor\/wp-json\/wp\/v2\/media?parent=792"}],"wp:term":[{"taxonomy":"category","embeddable":true,"href":"https:\/\/blogs.correiobraziliense.com.br\/servidor\/wp-json\/wp\/v2\/categories?post=792"},{"taxonomy":"post_tag","embeddable":true,"href":"https:\/\/blogs.correiobraziliense.com.br\/servidor\/wp-json\/wp\/v2\/tags?post=792"}],"curies":[{"name":"wp","href":"https:\/\/api.w.org\/{rel}","templated":true}]}}