{"id":7918,"date":"2018-01-13T18:26:00","date_gmt":"2018-01-13T20:26:00","guid":{"rendered":"https:\/\/blogs.correiobraziliense.com.br\/servidor\/?p=7918"},"modified":"2018-01-13T18:26:00","modified_gmt":"2018-01-13T20:26:00","slug":"defensores-publicos-federais-nao-recebem-auxilio-moradia","status":"publish","type":"post","link":"https:\/\/blogs.correiobraziliense.com.br\/servidor\/defensores-publicos-federais-nao-recebem-auxilio-moradia\/","title":{"rendered":"Defensores p\u00fablicos federais n\u00e3o recebem aux\u00edlio-moradia, garante Anadef"},"content":{"rendered":"<div><em>Atualmente,\u00a0apenas dois servidores\u00a0recebem: o defensor p\u00fablico-geral federal, chefe da institui\u00e7\u00e3o, e um assessor de sua equipe. Os valores efetivamente pagos pela DPU s\u00e3o muito menores do que os de \u00f3rg\u00e3os de estrutura semelhante e o benef\u00edcio \u00e9 limitado a 25% do total da gratifica\u00e7\u00e3o recebida<\/em><\/div>\n<div><\/div>\n<div>Veja a nota:<\/div>\n<div><\/div>\n<div>&#8220;A Associa\u00e7\u00e3o Nacional dos Defensores P\u00fablicos Federais (Anadef) vem a p\u00fablico esclarecer: a Defensoria P\u00fablica da Uni\u00e3o (DPU) somente concede aux\u00edlio-moradia \u00e0queles que preenchem os requisitos do artigo 60-B da Lei 8.112\/1990. Atualmente,\u00a0apenas dois servidores\u00a0recebem os valores. S\u00e3o eles o defensor p\u00fablico-geral federal, chefe da institui\u00e7\u00e3o, e um assessor de sua equipe.<\/div>\n<div><\/div>\n<div>Apesar de a Lei Or\u00e7ament\u00e1ria Anual de 2017 ter autorizado R$ 489.444 para o pagamento de aux\u00edlio-moradia na DPU, s\u00f3 foram gastos, de fato, R$ 41.412, isto \u00e9, nem 10% do valor total. Em face disso, o valor previsto na LOA 2018 diminuiu em rela\u00e7\u00e3o ao ano anterior, sendo de R$ 150 mil.<\/div>\n<div><\/div>\n<div>Destaca-se, ainda, que diferentemente do aux\u00edlio-moradia pago em outros \u00f3rg\u00e3os aut\u00f4nomos, na DPU, o benef\u00edcio \u00e9 limitado a 25% do total de eventual gratifica\u00e7\u00e3o recebida (Dire\u00e7\u00e3o e Assessoramento Superior &#8211; DAS). Outra condi\u00e7\u00e3o imposta pela Defensoria \u00e9 que o benefici\u00e1rio apresente o contrato de loca\u00e7\u00e3o do im\u00f3vel para fazer jus ao pagamento.<\/div>\n<div><\/div>\n<div>Cabe ressaltar, por fim, que os valores efetivamente pagos pela DPU s\u00e3o muito menores do que os de \u00f3rg\u00e3os de estrutura semelhante e est\u00e3o de acordo com todas as leis, regramentos e princ\u00edpios da administra\u00e7\u00e3o p\u00fablica.&#8221;<\/div>\n","protected":false},"excerpt":{"rendered":"<p>Atualmente,\u00a0apenas dois servidores\u00a0recebem: o defensor p\u00fablico-geral federal, chefe da institui\u00e7\u00e3o, e um assessor de sua equipe. Os valores efetivamente pagos pela DPU s\u00e3o muito menores do que os de \u00f3rg\u00e3os de estrutura semelhante e o benef\u00edcio \u00e9 limitado a 25% do total da gratifica\u00e7\u00e3o recebida Veja a nota: &#8220;A Associa\u00e7\u00e3o Nacional dos Defensores P\u00fablicos Federais (Anadef) vem a p\u00fablico esclarecer: [&hellip;]<\/p>\n","protected":false},"author":27,"featured_media":0,"comment_status":"open","ping_status":"closed","sticky":false,"template":"","format":"standard","meta":{"footnotes":""},"categories":[2719],"tags":[2743,10628,6296,343,386,8052,2807,2789,59,333,989,9578,10629,1890,7642,24,1808],"class_list":["post-7918","post","type-post","status-publish","format-standard","hentry","category-servidor","tag-anadef","tag-assesor","tag-autonomos","tag-auxilio-moradia","tag-beneficio","tag-chefe","tag-defensores","tag-dpu","tag-federais","tag-gratificacao","tag-instituicao","tag-limitado","tag-loa-2018","tag-orgaos","tag-pagos","tag-publicos","tag-valores"],"_links":{"self":[{"href":"https:\/\/blogs.correiobraziliense.com.br\/servidor\/wp-json\/wp\/v2\/posts\/7918","targetHints":{"allow":["GET"]}}],"collection":[{"href":"https:\/\/blogs.correiobraziliense.com.br\/servidor\/wp-json\/wp\/v2\/posts"}],"about":[{"href":"https:\/\/blogs.correiobraziliense.com.br\/servidor\/wp-json\/wp\/v2\/types\/post"}],"author":[{"embeddable":true,"href":"https:\/\/blogs.correiobraziliense.com.br\/servidor\/wp-json\/wp\/v2\/users\/27"}],"replies":[{"embeddable":true,"href":"https:\/\/blogs.correiobraziliense.com.br\/servidor\/wp-json\/wp\/v2\/comments?post=7918"}],"version-history":[{"count":1,"href":"https:\/\/blogs.correiobraziliense.com.br\/servidor\/wp-json\/wp\/v2\/posts\/7918\/revisions"}],"predecessor-version":[{"id":7919,"href":"https:\/\/blogs.correiobraziliense.com.br\/servidor\/wp-json\/wp\/v2\/posts\/7918\/revisions\/7919"}],"wp:attachment":[{"href":"https:\/\/blogs.correiobraziliense.com.br\/servidor\/wp-json\/wp\/v2\/media?parent=7918"}],"wp:term":[{"taxonomy":"category","embeddable":true,"href":"https:\/\/blogs.correiobraziliense.com.br\/servidor\/wp-json\/wp\/v2\/categories?post=7918"},{"taxonomy":"post_tag","embeddable":true,"href":"https:\/\/blogs.correiobraziliense.com.br\/servidor\/wp-json\/wp\/v2\/tags?post=7918"}],"curies":[{"name":"wp","href":"https:\/\/api.w.org\/{rel}","templated":true}]}}