{"id":7911,"date":"2018-01-13T16:32:12","date_gmt":"2018-01-13T18:32:12","guid":{"rendered":"https:\/\/blogs.correiobraziliense.com.br\/servidor\/?p=7911"},"modified":"2018-01-13T16:32:12","modified_gmt":"2018-01-13T18:32:12","slug":"o-ambiente-esquentou-na-agu-servidores-temem-caca-as-bruxas","status":"publish","type":"post","link":"https:\/\/blogs.correiobraziliense.com.br\/servidor\/o-ambiente-esquentou-na-agu-servidores-temem-caca-as-bruxas\/","title":{"rendered":"O ambiente esquentou AGU &#8211; servidores temem ca\u00e7a \u00e0s bruxas"},"content":{"rendered":"<p><em>A advogada-geral da Uni\u00e3o, Grace Mendon\u00e7a, comprou briga s\u00e9ria com a categoria ao exonerar o procurador-regional da estrat\u00e9gica 1\u00aa Regi\u00e3o, Niomar Sousa Nogueira<\/em><\/p>\n<p>O afastamento provocou forte rea\u00e7\u00e3o das chefias e dos subordinados em todo pa\u00eds, que divulgaram manifestos contra perigoso precedente de persegui\u00e7\u00e3o pol\u00edtica de um \u00f3rg\u00e3o t\u00e9cnico. A Associa\u00e7\u00e3o Nacional dos Advogados da Uni\u00e3o (Anauni), que tamb\u00e9m soltou carta em rep\u00fadio, enxerga na autocracia de Grace uma forma de intimidar chefias e mandar recado para aqueles que criticam o PLP 337, que prev\u00ea levar para a AGU os procuradores federais e do Banco Central. Ontem, mais uma cabe\u00e7a foi cortada: a do consultor jur\u00eddico no Par\u00e1, Jos\u00e9 Mauro de Lima. A presidente da Anauni, Marcia David, teme que Grace esteja come\u00e7ando uma ca\u00e7a \u00e0s bruxas no \u00f3rg\u00e3o.<\/p>\n","protected":false},"excerpt":{"rendered":"<p>A advogada-geral da Uni\u00e3o, Grace Mendon\u00e7a, comprou briga s\u00e9ria com a categoria ao exonerar o procurador-regional da estrat\u00e9gica 1\u00aa Regi\u00e3o, Niomar Sousa Nogueira O afastamento provocou forte rea\u00e7\u00e3o das chefias e dos subordinados em todo pa\u00eds, que divulgaram manifestos contra perigoso precedente de persegui\u00e7\u00e3o pol\u00edtica de um \u00f3rg\u00e3o t\u00e9cnico. A Associa\u00e7\u00e3o Nacional dos Advogados da Uni\u00e3o (Anauni), que tamb\u00e9m soltou [&hellip;]<\/p>\n","protected":false},"author":27,"featured_media":0,"comment_status":"open","ping_status":"closed","sticky":false,"template":"","format":"standard","meta":{"footnotes":""},"categories":[2719],"tags":[5738,157,206,186,10623,1236,10625,10619,10626,10620,3464,3566,2149,10624,1415,10622,10621,2662,58],"class_list":["post-7911","post","type-post","status-publish","format-standard","hentry","category-servidor","tag-afastamento","tag-agu","tag-ambiente","tag-anauni","tag-autocracia","tag-banco-central","tag-cabeca","tag-caca-as-bruxas","tag-cortada","tag-exonerar","tag-grace-mendonca","tag-intimidar","tag-perseguicao","tag-plp-337","tag-politica","tag-precedente","tag-procurador-regional","tag-reacao","tag-servidores"],"_links":{"self":[{"href":"https:\/\/blogs.correiobraziliense.com.br\/servidor\/wp-json\/wp\/v2\/posts\/7911","targetHints":{"allow":["GET"]}}],"collection":[{"href":"https:\/\/blogs.correiobraziliense.com.br\/servidor\/wp-json\/wp\/v2\/posts"}],"about":[{"href":"https:\/\/blogs.correiobraziliense.com.br\/servidor\/wp-json\/wp\/v2\/types\/post"}],"author":[{"embeddable":true,"href":"https:\/\/blogs.correiobraziliense.com.br\/servidor\/wp-json\/wp\/v2\/users\/27"}],"replies":[{"embeddable":true,"href":"https:\/\/blogs.correiobraziliense.com.br\/servidor\/wp-json\/wp\/v2\/comments?post=7911"}],"version-history":[{"count":1,"href":"https:\/\/blogs.correiobraziliense.com.br\/servidor\/wp-json\/wp\/v2\/posts\/7911\/revisions"}],"predecessor-version":[{"id":7912,"href":"https:\/\/blogs.correiobraziliense.com.br\/servidor\/wp-json\/wp\/v2\/posts\/7911\/revisions\/7912"}],"wp:attachment":[{"href":"https:\/\/blogs.correiobraziliense.com.br\/servidor\/wp-json\/wp\/v2\/media?parent=7911"}],"wp:term":[{"taxonomy":"category","embeddable":true,"href":"https:\/\/blogs.correiobraziliense.com.br\/servidor\/wp-json\/wp\/v2\/categories?post=7911"},{"taxonomy":"post_tag","embeddable":true,"href":"https:\/\/blogs.correiobraziliense.com.br\/servidor\/wp-json\/wp\/v2\/tags?post=7911"}],"curies":[{"name":"wp","href":"https:\/\/api.w.org\/{rel}","templated":true}]}}