{"id":7886,"date":"2018-01-11T14:41:11","date_gmt":"2018-01-11T16:41:11","guid":{"rendered":"https:\/\/blogs.correiobraziliense.com.br\/servidor\/?p=7886"},"modified":"2018-01-11T14:41:11","modified_gmt":"2018-01-11T16:41:11","slug":"deputado-questiona-receita-sobre-tratamento-vip-na-analise-de-declaracao-de-renda","status":"publish","type":"post","link":"https:\/\/blogs.correiobraziliense.com.br\/servidor\/deputado-questiona-receita-sobre-tratamento-vip-na-analise-de-declaracao-de-renda\/","title":{"rendered":"Deputado questiona Receita sobre tratamento \u201cVIP\u201d na an\u00e1lise de declara\u00e7\u00e3o de renda"},"content":{"rendered":"<p><em>O deputado federal Rubens Bueno (PPS-PR) protocolou requerimento de informa\u00e7\u00e3o, nesta quinta-feira (11), pedindo explica\u00e7\u00f5es ao ministro da Fazenda, Henrique Meirelles, acerca do suposto tratamento diferenciado, pela Receita Federal, \u00e0s pessoas politicamente expostas. Medida neste sentido foi anunciada no governo do PT, em 2010, pelo ex-ministro da Fazenda, Guido Mantega.<\/em><\/p>\n<p>O objetivo de pedir agora as informa\u00e7\u00f5es, de acordo com o parlamentar, \u00e9 esclarecer quais os crit\u00e9rios adotados pela Receita para distinguir os cidad\u00e3os comuns de autoridades, pol\u00edticos ou empres\u00e1rios no momento de analisar os dados de suas declara\u00e7\u00f5es de renda e inclu\u00ed-las na \u201cmalha fina\u201d.<\/p>\n<p>O requerimento de informa\u00e7\u00e3o questiona ainda a quantidade de pessoas que fariam parte dessa lista e quantas ca\u00edram na malha fina nos \u00faltimos cinco anos.<\/p>\n<p>\u201cSe houver a lista, ela n\u00e3o deve servir para proteger as pessoas politicamente expostas de fiscaliza\u00e7\u00e3o ou inibir a atua\u00e7\u00e3o dos auditores fiscais. Ao contr\u00e1rio, a fiscaliza\u00e7\u00e3o deve ser feita com mais rigor e ao que tudo indica, n\u00e3o \u00e9 o que acontece\u201d, ressaltou Bueno<\/p>\n<p><b>Lista \u201cVIP\u201d<\/b><\/p>\n<p>Em setembro de 2010, o jornal \u201cO Estado de S. Paulo\u201d publicou uma not\u00edcia na qual\u00a0 \u00a0informava que o ent\u00e3o ministro da Fazenda, Guido Mantega, anunciara a cria\u00e7\u00e3o de uma lista \u201cVIP\u201d, que conteria nomes e CPFs de ministros, parlamentares e governadores, com \u201cpessoas politicamente expostas\u201d, que teriam seus dados cadastrais mais protegidos dos demais contribuintes.<\/p>\n","protected":false},"excerpt":{"rendered":"<p>O deputado federal Rubens Bueno (PPS-PR) protocolou requerimento de informa\u00e7\u00e3o, nesta quinta-feira (11), pedindo explica\u00e7\u00f5es ao ministro da Fazenda, Henrique Meirelles, acerca do suposto tratamento diferenciado, pela Receita Federal, \u00e0s pessoas politicamente expostas. Medida neste sentido foi anunciada no governo do PT, em 2010, pelo ex-ministro da Fazenda, Guido Mantega. O objetivo de pedir agora as informa\u00e7\u00f5es, de acordo com [&hellip;]<\/p>\n","protected":false},"author":27,"featured_media":0,"comment_status":"open","ping_status":"closed","sticky":false,"template":"","format":"standard","meta":{"footnotes":""},"categories":[2719],"tags":[1224,648,1935,1213,7790,5472,1274,1218,359,4177,302,940,355,10565,35,1411,6209,1063,294,358,2247,6761],"class_list":["post-7886","post","type-post","status-publish","format-standard","hentry","category-servidor","tag-analise","tag-auditores-fiscais","tag-autoridades","tag-cidadaos","tag-comuns","tag-criterio","tag-declaracao","tag-declaracoes","tag-deputado","tag-empresarios","tag-fazenda","tag-fiscalizacao","tag-imposto-de-renda","tag-malha-fina","tag-ministro","tag-politicos","tag-proteger","tag-questiona","tag-receita-federal","tag-renda","tag-tratamento","tag-vip"],"_links":{"self":[{"href":"https:\/\/blogs.correiobraziliense.com.br\/servidor\/wp-json\/wp\/v2\/posts\/7886","targetHints":{"allow":["GET"]}}],"collection":[{"href":"https:\/\/blogs.correiobraziliense.com.br\/servidor\/wp-json\/wp\/v2\/posts"}],"about":[{"href":"https:\/\/blogs.correiobraziliense.com.br\/servidor\/wp-json\/wp\/v2\/types\/post"}],"author":[{"embeddable":true,"href":"https:\/\/blogs.correiobraziliense.com.br\/servidor\/wp-json\/wp\/v2\/users\/27"}],"replies":[{"embeddable":true,"href":"https:\/\/blogs.correiobraziliense.com.br\/servidor\/wp-json\/wp\/v2\/comments?post=7886"}],"version-history":[{"count":1,"href":"https:\/\/blogs.correiobraziliense.com.br\/servidor\/wp-json\/wp\/v2\/posts\/7886\/revisions"}],"predecessor-version":[{"id":7887,"href":"https:\/\/blogs.correiobraziliense.com.br\/servidor\/wp-json\/wp\/v2\/posts\/7886\/revisions\/7887"}],"wp:attachment":[{"href":"https:\/\/blogs.correiobraziliense.com.br\/servidor\/wp-json\/wp\/v2\/media?parent=7886"}],"wp:term":[{"taxonomy":"category","embeddable":true,"href":"https:\/\/blogs.correiobraziliense.com.br\/servidor\/wp-json\/wp\/v2\/categories?post=7886"},{"taxonomy":"post_tag","embeddable":true,"href":"https:\/\/blogs.correiobraziliense.com.br\/servidor\/wp-json\/wp\/v2\/tags?post=7886"}],"curies":[{"name":"wp","href":"https:\/\/api.w.org\/{rel}","templated":true}]}}