{"id":7884,"date":"2018-01-11T12:16:44","date_gmt":"2018-01-11T14:16:44","guid":{"rendered":"https:\/\/blogs.correiobraziliense.com.br\/servidor\/?p=7884"},"modified":"2018-01-11T12:16:44","modified_gmt":"2018-01-11T14:16:44","slug":"defasagem-da-tabela-do-ir-e-de-884-e-achata-renda-mostra-sindifisco-nacional","status":"publish","type":"post","link":"https:\/\/blogs.correiobraziliense.com.br\/servidor\/defasagem-da-tabela-do-ir-e-de-884-e-achata-renda-mostra-sindifisco-nacional\/","title":{"rendered":"Defasagem da tabela do IR \u00e9 de 88,4% e achata renda, mostra Sindifisco Nacional"},"content":{"rendered":"<p><em>Apesar de a infla\u00e7\u00e3o oficial do ano passado ter encerrado no menor \u00edndice desde 1998 \u2013 o IPCA fechou em 2,95% \u2013, a defasagem da tabela do Imposto de Renda de Pessoa F\u00edsica (IRPF) n\u00e3o para de aumentar. Est\u00e1 em 88,40%, de 1996 para c\u00e1, conforme estudo do Sindicato Nacional dos Auditores Fiscais da Receita Federal (Sindifisco Nacional)<\/em><\/p>\n<p>\u201cAo se apossar daquilo que n\u00e3o tem direito, o governo achata a renda do trabalhador. Obriga-o a pagar mais imposto, dinheiro que poderia ser mais bem aplicado \u2013 na poupan\u00e7a, no aprimoramento da forma\u00e7\u00e3o educacional, no consumo etc.\u201d, criticou Cl\u00e1udio Damasceno, presidente do Sindifisco Nacional.<\/p>\n<p>Se a faixa de isen\u00e7\u00e3o atual chega aos contribuintes que ganham at\u00e9 R$ 1.903,98, corrigida livraria todo assalariado que ganha at\u00e9 R$ 3.556,56 de reter imposto na fonte. Representa dizer que essa diferen\u00e7a de R$ 1.652,58 pune as camadas de mais baixa renda. Importante lembrar que a tabela do IRPF n\u00e3o \u00e9 reajustada desde 2016.<\/p>\n<p>Isso, por\u00e9m, n\u00e3o afeta somente o trabalhador de menor sal\u00e1rio. Todas as demais faixas obrigam o contribuinte a pagar mais imposto de renda do que deveria. E piora \u00e0 medida que os descontos permitidos no IR tamb\u00e9m s\u00e3o menores. O desconto por dependente, por exemplo, de R$ 189,59\/m\u00eas (R$ 2.275,08 anual), deveria ser R$ 357,19\/m\u00eas (R$ 4.286,28 anual). Com educa\u00e7\u00e3o, se corrigido, chegaria a R$ 6.709,90, mas, pela tabela de 2017, o teto foi de R$ 3.561,50.<\/p>\n<p>\u201cO preju\u00edzo do contribuinte n\u00e3o ficou maior porque o IPCA de 2017 foi um dos mais baixos em quase 20 anos\u201d, alertou Damasceno. O estudo tamb\u00e9m est\u00e1 dispon\u00edvel no site www.sindifisconacional.org.br.<\/p>\n","protected":false},"excerpt":{"rendered":"<p>Apesar de a infla\u00e7\u00e3o oficial do ano passado ter encerrado no menor \u00edndice desde 1998 \u2013 o IPCA fechou em 2,95% \u2013, a defasagem da tabela do Imposto de Renda de Pessoa F\u00edsica (IRPF) n\u00e3o para de aumentar. Est\u00e1 em 88,40%, de 1996 para c\u00e1, conforme estudo do Sindicato Nacional dos Auditores Fiscais da Receita Federal (Sindifisco Nacional) \u201cAo se [&hellip;]<\/p>\n","protected":false},"author":27,"featured_media":0,"comment_status":"open","ping_status":"closed","sticky":false,"template":"","format":"standard","meta":{"footnotes":""},"categories":[2719],"tags":[10561,8049,10564,10563,2802,356,77,5425,3690,374,10562,1287,4443,2577,355,1261,240,636,447,3786,1616,2660,358,163,354],"class_list":["post-7884","post","type-post","status-publish","format-standard","hentry","category-servidor","tag-achata","tag-assalariado","tag-baixa-renda","tag-camadas","tag-consumo","tag-contribuinte","tag-defasagem","tag-dependente","tag-desconto","tag-dinheiro","tag-educacional","tag-estudo","tag-formacao","tag-imposto","tag-imposto-de-renda","tag-indice","tag-inflacao","tag-ipca","tag-ir","tag-irpf","tag-menor","tag-poupanca","tag-renda","tag-sindifisco-nacional","tag-tabela"],"_links":{"self":[{"href":"https:\/\/blogs.correiobraziliense.com.br\/servidor\/wp-json\/wp\/v2\/posts\/7884","targetHints":{"allow":["GET"]}}],"collection":[{"href":"https:\/\/blogs.correiobraziliense.com.br\/servidor\/wp-json\/wp\/v2\/posts"}],"about":[{"href":"https:\/\/blogs.correiobraziliense.com.br\/servidor\/wp-json\/wp\/v2\/types\/post"}],"author":[{"embeddable":true,"href":"https:\/\/blogs.correiobraziliense.com.br\/servidor\/wp-json\/wp\/v2\/users\/27"}],"replies":[{"embeddable":true,"href":"https:\/\/blogs.correiobraziliense.com.br\/servidor\/wp-json\/wp\/v2\/comments?post=7884"}],"version-history":[{"count":1,"href":"https:\/\/blogs.correiobraziliense.com.br\/servidor\/wp-json\/wp\/v2\/posts\/7884\/revisions"}],"predecessor-version":[{"id":7885,"href":"https:\/\/blogs.correiobraziliense.com.br\/servidor\/wp-json\/wp\/v2\/posts\/7884\/revisions\/7885"}],"wp:attachment":[{"href":"https:\/\/blogs.correiobraziliense.com.br\/servidor\/wp-json\/wp\/v2\/media?parent=7884"}],"wp:term":[{"taxonomy":"category","embeddable":true,"href":"https:\/\/blogs.correiobraziliense.com.br\/servidor\/wp-json\/wp\/v2\/categories?post=7884"},{"taxonomy":"post_tag","embeddable":true,"href":"https:\/\/blogs.correiobraziliense.com.br\/servidor\/wp-json\/wp\/v2\/tags?post=7884"}],"curies":[{"name":"wp","href":"https:\/\/api.w.org\/{rel}","templated":true}]}}